{"id":24649,"date":"2025-09-28T20:28:09","date_gmt":"2025-09-28T18:28:09","guid":{"rendered":"https:\/\/www.magali-willems.com\/?p=24649"},"modified":"2025-09-28T20:57:03","modified_gmt":"2025-09-28T18:57:03","slug":"grand-prix-de-la-s-p-a-f","status":"publish","type":"post","link":"https:\/\/www.magali-willems.com\/fr\/grand-prix-de-la-s-p-a-f\/","title":{"rendered":"Grand Prix de la S.P.A.F"},"content":{"rendered":"<p>[vc_row][vc_column width=\u00a0\u00bb1\/3&Prime;][vc_column_text][\/vc_column_text][vc_single_image image=\u00a0\u00bb24653&Prime; img_size=\u00a0\u00bbfull\u00a0\u00bb alignment=\u00a0\u00bbcenter\u00a0\u00bb style=\u00a0\u00bbvc_box_rounded\u00a0\u00bb][\/vc_column][vc_column width=\u00a0\u00bb1\/3&Prime;][vc_column_text]Grand Prix de la S.P.A.F<\/p>\n<p>66\u00e8me congr\u00e8s international de la Soci\u00e9t\u00e9 des Po\u00e8tes et Artistes de France,<\/p>\n<p>En pr\u00e9sence de Georges Chelon,<\/p>\n<p>Le Grand prix du Jury : \u00a0une bien jolie r\u00e9compense pour <a href=\"https:\/\/www.magali-willems.com\/fr\/portfolio-item\/viva-la-vida\/\">Viva la Vida<\/a> !<br \/>\net<br \/>\nUne premi\u00e8re de couverture pour <a href=\"https:\/\/www.magali-willems.com\/fr\/portfolio-item\/lenvol\/\">l&rsquo;Envol<\/a> &#8211; <strong>\u00a0N\u00b0263<\/strong> <a href=\"http:\/\/www.spafnat.com\/revue.aspx\">magazine Art &amp; Po\u00e9sie<\/a> \u00a0et en int\u00e9rieur de ce beau recueil de po\u00e8mes les photos des deux sculptures.<\/p>\n<p>Merci au Jury du concours artistique, \u00e0 son Pr\u00e9sident Bruno Toffano et<br \/>\nMerci \u00e0 Pascal Lecordier et \u00e0 son \u00e9quipe pour ce joli moment \ud83d\ude09[\/vc_column_text][\/vc_column][vc_column width=\u00a0\u00bb1\/3&Prime;][vc_single_image image=\u00a0\u00bb24652&Prime;][vc_single_image image=\u00a0\u00bb24651&Prime;][vc_single_image image=\u00a0\u00bb24650&Prime;][\/vc_column][\/vc_row]<\/p>","protected":false},"excerpt":{"rendered":"<p>[vc_row][vc_column width=\u00a0\u00bb1\/3&Prime;][vc_column_text][\/vc_column_text][vc_single_image image=\u00a0\u00bb24653&Prime; img_size=\u00a0\u00bbfull\u00a0\u00bb alignment=\u00a0\u00bbcenter\u00a0\u00bb style=\u00a0\u00bbvc_box_rounded\u00a0\u00bb][\/vc_column][vc_column width=\u00a0\u00bb1\/3&Prime;][vc_column_text]Grand Prix de la S.P.A.F 66\u00e8me congr\u00e8s international de la Soci\u00e9t\u00e9 des Po\u00e8tes et Artistes de France, En pr\u00e9sence de Georges Chelon, Le Grand prix du Jury : \u00a0une bien jolie r\u00e9compense pour Viva la Vida ! et Une premi\u00e8re de couverture pour l&rsquo;Envol &#8211; \u00a0N\u00b0263 magazine Art &amp; [&hellip;]<\/p>\n","protected":false},"author":3665,"featured_media":24651,"comment_status":"closed","ping_status":"closed","sticky":false,"template":"","format":"standard","meta":{"_exactmetrics_skip_tracking":false,"_exactmetrics_sitenote_active":false,"_exactmetrics_sitenote_note":"","_exactmetrics_sitenote_category":0,"_vp_format_video_url":"","_vp_image_focal_point":[]},"categories":[7],"tags":[105,104,46,47],"aioseo_notices":[],"_links":{"self":[{"href":"https:\/\/www.magali-willems.com\/fr\/wp-json\/wp\/v2\/posts\/24649"}],"collection":[{"href":"https:\/\/www.magali-willems.com\/fr\/wp-json\/wp\/v2\/posts"}],"about":[{"href":"https:\/\/www.magali-willems.com\/fr\/wp-json\/wp\/v2\/types\/post"}],"author":[{"embeddable":true,"href":"https:\/\/www.magali-willems.com\/fr\/wp-json\/wp\/v2\/users\/3665"}],"replies":[{"embeddable":true,"href":"https:\/\/www.magali-willems.com\/fr\/wp-json\/wp\/v2\/comments?post=24649"}],"version-history":[{"count":5,"href":"https:\/\/www.magali-willems.com\/fr\/wp-json\/wp\/v2\/posts\/24649\/revisions"}],"predecessor-version":[{"id":24658,"href":"https:\/\/www.magali-willems.com\/fr\/wp-json\/wp\/v2\/posts\/24649\/revisions\/24658"}],"wp:featuredmedia":[{"embeddable":true,"href":"https:\/\/www.magali-willems.com\/fr\/wp-json\/wp\/v2\/media\/24651"}],"wp:attachment":[{"href":"https:\/\/www.magali-willems.com\/fr\/wp-json\/wp\/v2\/media?parent=24649"}],"wp:term":[{"taxonomy":"category","embeddable":true,"href":"https:\/\/www.magali-willems.com\/fr\/wp-json\/wp\/v2\/categories?post=24649"},{"taxonomy":"post_tag","embeddable":true,"href":"https:\/\/www.magali-willems.com\/fr\/wp-json\/wp\/v2\/tags?post=24649"}],"curies":[{"name":"wp","href":"https:\/\/api.w.org\/{rel}","templated":true}]}}