{"id":24279,"date":"2024-04-17T19:11:45","date_gmt":"2024-04-17T17:11:45","guid":{"rendered":"http:\/\/www.magali-willems.com\/?p=24279"},"modified":"2024-05-05T14:55:11","modified_gmt":"2024-05-05T12:55:11","slug":"la-petite-galerie","status":"publish","type":"post","link":"https:\/\/www.magali-willems.com\/fr\/la-petite-galerie\/","title":{"rendered":"La Petite Galerie \u00e0 Auray"},"content":{"rendered":"<p>[vc_row][vc_column width=\u00a0\u00bb1\/3&Prime;][vc_column_text][\/vc_column_text][\/vc_column][vc_column width=\u00a0\u00bb1\/3&Prime;][vc_single_image image=\u00a0\u00bb24280&Prime; img_size=\u00a0\u00bbfull\u00a0\u00bb alignment=\u00a0\u00bbcenter\u00a0\u00bb style=\u00a0\u00bbvc_box_rounded\u00a0\u00bb][\/vc_column][vc_column width=\u00a0\u00bb1\/3&Prime;][vc_column_text]2024 Nouvelle saison, nouvelles cr\u00e9ations !<\/p>\n<p><a href=\"https:\/\/www.google.com\/maps\/place\/Sculptures+Magali+Willems\/@47.6668794,-2.9797683,17z\/data=!3m1!4b1!4m6!3m5!1s0x48101522bf9728bb:0x37302317bb65992d!8m2!3d47.6668794!4d-2.9797683!16s%2Fg%2F11kjqp_4b5?entry=ttu\">La Petite Galerie<\/a> face au square Castel Bar et au <a href=\"https:\/\/www.google.com\/maps\/d\/viewer?mid=1AZIPvk81o0hWpmxUQYWETFDl760&amp;hl=en_US&amp;ll=47.665734000000015%2C-2.979226000000006&amp;z=17\">Pont de St Goustan<\/a> vous accueillera cette ann\u00e9e avec des sculptures en bronze, des patines color\u00e9es et des cr\u00e9ations qui ont vocation \u00e0 vous faire r\u00eaver !<\/p>\n<p>Ouverture pr\u00e9vue le week-end du 28 Avril 2024[\/vc_column_text][\/vc_column][\/vc_row]<\/p>","protected":false},"excerpt":{"rendered":"<p>[vc_row][vc_column width=\u00a0\u00bb1\/3&Prime;][vc_column_text][\/vc_column_text][\/vc_column][vc_column width=\u00a0\u00bb1\/3&Prime;][vc_single_image image=\u00a0\u00bb24280&Prime; img_size=\u00a0\u00bbfull\u00a0\u00bb alignment=\u00a0\u00bbcenter\u00a0\u00bb style=\u00a0\u00bbvc_box_rounded\u00a0\u00bb][\/vc_column][vc_column width=\u00a0\u00bb1\/3&Prime;][vc_column_text]2024 Nouvelle saison, nouvelles cr\u00e9ations ! La Petite Galerie face au square Castel Bar et au Pont de St Goustan vous accueillera cette ann\u00e9e avec des sculptures en bronze, des patines color\u00e9es et des cr\u00e9ations qui ont vocation \u00e0 vous faire r\u00eaver ! Ouverture pr\u00e9vue le week-end du [&hellip;]<\/p>\n","protected":false},"author":3665,"featured_media":24298,"comment_status":"closed","ping_status":"closed","sticky":false,"template":"","format":"standard","meta":{"_exactmetrics_skip_tracking":false,"_exactmetrics_sitenote_active":false,"_exactmetrics_sitenote_note":"","_exactmetrics_sitenote_category":0,"_vp_format_video_url":"","_vp_image_focal_point":[]},"categories":[7],"tags":[102,101],"aioseo_notices":[],"_links":{"self":[{"href":"https:\/\/www.magali-willems.com\/fr\/wp-json\/wp\/v2\/posts\/24279"}],"collection":[{"href":"https:\/\/www.magali-willems.com\/fr\/wp-json\/wp\/v2\/posts"}],"about":[{"href":"https:\/\/www.magali-willems.com\/fr\/wp-json\/wp\/v2\/types\/post"}],"author":[{"embeddable":true,"href":"https:\/\/www.magali-willems.com\/fr\/wp-json\/wp\/v2\/users\/3665"}],"replies":[{"embeddable":true,"href":"https:\/\/www.magali-willems.com\/fr\/wp-json\/wp\/v2\/comments?post=24279"}],"version-history":[{"count":3,"href":"https:\/\/www.magali-willems.com\/fr\/wp-json\/wp\/v2\/posts\/24279\/revisions"}],"predecessor-version":[{"id":24315,"href":"https:\/\/www.magali-willems.com\/fr\/wp-json\/wp\/v2\/posts\/24279\/revisions\/24315"}],"wp:featuredmedia":[{"embeddable":true,"href":"https:\/\/www.magali-willems.com\/fr\/wp-json\/wp\/v2\/media\/24298"}],"wp:attachment":[{"href":"https:\/\/www.magali-willems.com\/fr\/wp-json\/wp\/v2\/media?parent=24279"}],"wp:term":[{"taxonomy":"category","embeddable":true,"href":"https:\/\/www.magali-willems.com\/fr\/wp-json\/wp\/v2\/categories?post=24279"},{"taxonomy":"post_tag","embeddable":true,"href":"https:\/\/www.magali-willems.com\/fr\/wp-json\/wp\/v2\/tags?post=24279"}],"curies":[{"name":"wp","href":"https:\/\/api.w.org\/{rel}","templated":true}]}}