{"id":24036,"date":"2023-07-12T08:12:29","date_gmt":"2023-07-12T06:12:29","guid":{"rendered":"https:\/\/www.magali-willems.com\/?p=24036"},"modified":"2023-12-14T07:33:12","modified_gmt":"2023-12-14T06:33:12","slug":"la-petite-galerie-auray","status":"publish","type":"post","link":"https:\/\/www.magali-willems.com\/fr\/la-petite-galerie-auray\/","title":{"rendered":"La Petite Galerie \u00e0 Auray &#8211; St Goustan"},"content":{"rendered":"<p>[vc_row][vc_column][vc_column_text]<a href=\"https:\/\/goo.gl\/maps\/VX7FQxozxemnHrXB7\">La Petite Galerie \u00e0 Auray &#8211; \u00a0St Goustan<\/a> vous invite \u00e0 d\u00e9couvrir un univers de voyages et de f\u00e9minit\u00e9s l\u00e9g\u00e8res au travers de sculptures en bronze et techniques mixtes. Rencontrez l&rsquo;artiste pr\u00e9sente dans sur place.<\/p>\n<p>A Auray, tout en bas de la rue du Ch\u00e2teau, tournez \u00e0 gauche et vous voil\u00e0 devant la Petite Galerie au 28 Rue Philippe Vannier.<\/p>\n<p>Ce b\u00e2timent du XVI\u00e8me si\u00e8cle fut un ancien relais poste donnant sur le square CASTELBAR \u00e0 la place duquel existaient les \u00e9curies.<\/p>\n<p>Auray, St Goustan comment ne pas se laisser tenter par une escapade au bord de l&rsquo;eau&#8230; ?<\/p>\n<p>Dans ce que l&rsquo;on nomme \u00ab\u00a0le Pavillon d&rsquo;en bas\u00a0\u00bb aux beaux colombages, je vous invite \u00e0 d\u00e9couvrir les sculptures en bronze et en techniques mixtes r\u00e9alis\u00e9es dans mon atelier \u00e0 \u00a0Meucon petite commune du Morbihan \u00e0 quelques minutes de Vannes.<\/p>\n<p>De nombreux artistes se sont laisser happer par les ondes lumineuses de ce lieu et y ont pos\u00e9 leurs toiles, leurs cr\u00e9ations les plus originales et les plus diverses. Comment y \u00e9chapper ?<\/p>\n<p>Cette petite invitation \u00e0 humer les parfums artistiques du Golfe du Morbihan est pour vous !<\/p>\n<p>Pr\u00e9sente pour r\u00e9pondre \u00e0 vos questions, vous d\u00e9couvrirez avec <a href=\"https:\/\/www.magali-willems.com\/fr\/presentation\/\">l&rsquo;artiste<\/a> un univers de cr\u00e9ativit\u00e9 agr\u00e9ment\u00e9 d&rsquo;explications sur la technique de la cire perdue et bien s\u00fbr des sculptures et photos \u00e0 emporter &#8230; en cas de coup de coeur.[\/vc_column_text][\/vc_column][\/vc_row][vc_row css_animation=\u00a0\u00bbfadeIn\u00a0\u00bb lvca_dark_bg=\u00a0\u00bbtrue\u00a0\u00bb][vc_column][vc_images_carousel images=\u00a0\u00bb24074,24068,24075,24076,24078,24080,24081,24082,24056,24055,24054,24051,24050,24047,24046,24041,24045,24049&Prime; img_size=\u00a0\u00bb\u00a0\u00bb onclick=\u00a0\u00bblink_no\u00a0\u00bb autoplay=\u00a0\u00bbyes\u00a0\u00bb][\/vc_column][\/vc_row]<\/p>","protected":false},"excerpt":{"rendered":"<p>A Auray, tout en bas de la rue du Ch\u00e2teau, tournez \u00e0 gauche et vous voil\u00e0 devant la Petite Galerie au 28 Rue Philippe Vannier.<br \/>\nCe b\u00e2timent du XVI\u00e8me si\u00e8cle qui fut un ancien relais poste abrite actuellement quelques sculptures en bronze et en techniques mixtes r\u00e9alis\u00e9es \u00e0 Meucon petite commune du Morbihan \u00e0 quelques minutes de Vannes.<br \/>\nPr\u00e9sente pour r\u00e9pondre \u00e0 vos questions, vous d\u00e9couvrirez avec l&rsquo;artiste un univers de cr\u00e9ativit\u00e9 agr\u00e9ment\u00e9 d&rsquo;explications sur la technique de la cire perdue et&#8230;<\/p>\n","protected":false},"author":3665,"featured_media":24068,"comment_status":"closed","ping_status":"open","sticky":false,"template":"","format":"standard","meta":{"_exactmetrics_skip_tracking":false,"_exactmetrics_sitenote_active":false,"_exactmetrics_sitenote_note":"","_exactmetrics_sitenote_category":0,"_vp_format_video_url":"","_vp_image_focal_point":[]},"categories":[7],"tags":[102,50,101],"aioseo_notices":[],"_links":{"self":[{"href":"https:\/\/www.magali-willems.com\/fr\/wp-json\/wp\/v2\/posts\/24036"}],"collection":[{"href":"https:\/\/www.magali-willems.com\/fr\/wp-json\/wp\/v2\/posts"}],"about":[{"href":"https:\/\/www.magali-willems.com\/fr\/wp-json\/wp\/v2\/types\/post"}],"author":[{"embeddable":true,"href":"https:\/\/www.magali-willems.com\/fr\/wp-json\/wp\/v2\/users\/3665"}],"replies":[{"embeddable":true,"href":"https:\/\/www.magali-willems.com\/fr\/wp-json\/wp\/v2\/comments?post=24036"}],"version-history":[{"count":20,"href":"https:\/\/www.magali-willems.com\/fr\/wp-json\/wp\/v2\/posts\/24036\/revisions"}],"predecessor-version":[{"id":24097,"href":"https:\/\/www.magali-willems.com\/fr\/wp-json\/wp\/v2\/posts\/24036\/revisions\/24097"}],"wp:featuredmedia":[{"embeddable":true,"href":"https:\/\/www.magali-willems.com\/fr\/wp-json\/wp\/v2\/media\/24068"}],"wp:attachment":[{"href":"https:\/\/www.magali-willems.com\/fr\/wp-json\/wp\/v2\/media?parent=24036"}],"wp:term":[{"taxonomy":"category","embeddable":true,"href":"https:\/\/www.magali-willems.com\/fr\/wp-json\/wp\/v2\/categories?post=24036"},{"taxonomy":"post_tag","embeddable":true,"href":"https:\/\/www.magali-willems.com\/fr\/wp-json\/wp\/v2\/tags?post=24036"}],"curies":[{"name":"wp","href":"https:\/\/api.w.org\/{rel}","templated":true}]}}