{"id":23793,"date":"2022-11-02T21:18:35","date_gmt":"2022-11-02T20:18:35","guid":{"rendered":"https:\/\/www.magali-willems.com\/?p=23793"},"modified":"2024-05-05T15:05:29","modified_gmt":"2024-05-05T13:05:29","slug":"artbox-project-palma1-2","status":"publish","type":"post","link":"https:\/\/www.magali-willems.com\/fr\/artbox-project-palma1-2\/","title":{"rendered":"FINALISTE ARTBOX PALMA 1.0"},"content":{"rendered":"<p>[vc_row][vc_column][vc_column_text]FINALISTE ARTBOX PROJECT PALMA 1.0<\/p>\n<p>La sculpture en bronze <a href=\"https:\/\/www.magali-willems.com\/fr\/portfolio-item\/the-summer-time\/lete2\/\">L&rsquo;Et\u00e9 2\/8<\/a> a \u00e9t\u00e9 s\u00e9lectionn\u00e9e par le Jury Artbox Projects.<\/p>\n<p>Elle est donc expos\u00e9e parmi les oeuvres de 9 autres finalistes \u00a0\u00e0 <a href=\"http:\/\/www.casadelartepalma.com\">la Casa Del Arte<\/a> \u00e0 Palma de Majorque &#8211; Espagne &#8211; du 24 Octobre au 5 Novembre 2022.<\/p>\n<p>L&rsquo;\u00e9t\u00e9 est une sculpture qui semble beaucoup plaire, la premi\u00e8re \u00e0 la patine noire avait re\u00e7u le Prix du Public au Ch\u00e2teau de Dissay en 2020\ud83d\ude09<\/p>\n<p>Une exposition, un salon sont toujours l&rsquo;occasion de d\u00e9couvrir d&rsquo;autres arts, d&rsquo;autres artistes et souvent de jolies rencontres inattendues et passionnantes ![\/vc_column_text][\/vc_column][\/vc_row][vc_row][vc_column][vc_gallery interval=\u00a0\u00bb3&Prime; images=\u00a0\u00bb23801,23799&Prime;][\/vc_column][\/vc_row]<\/p>","protected":false},"excerpt":{"rendered":"<p>ARTBOX PALMA 1.0<br \/>\nTrois Sculptures en bronze de mon atelier \u00e0 Meucon, La D\u00e9chirure, L&rsquo;Et\u00e9 2\/8 et l&rsquo;Esp\u00e9rance sont pr\u00e9sent\u00e9es au Jury pour la s\u00e9lection.<\/p>\n","protected":false},"author":3665,"featured_media":23794,"comment_status":"closed","ping_status":"open","sticky":false,"template":"","format":"standard","meta":{"_exactmetrics_skip_tracking":false,"_exactmetrics_sitenote_active":false,"_exactmetrics_sitenote_note":"","_exactmetrics_sitenote_category":0,"_vp_format_video_url":"","_vp_image_focal_point":[]},"categories":[7],"tags":[102,50,101],"aioseo_notices":[],"_links":{"self":[{"href":"https:\/\/www.magali-willems.com\/fr\/wp-json\/wp\/v2\/posts\/23793"}],"collection":[{"href":"https:\/\/www.magali-willems.com\/fr\/wp-json\/wp\/v2\/posts"}],"about":[{"href":"https:\/\/www.magali-willems.com\/fr\/wp-json\/wp\/v2\/types\/post"}],"author":[{"embeddable":true,"href":"https:\/\/www.magali-willems.com\/fr\/wp-json\/wp\/v2\/users\/3665"}],"replies":[{"embeddable":true,"href":"https:\/\/www.magali-willems.com\/fr\/wp-json\/wp\/v2\/comments?post=23793"}],"version-history":[{"count":6,"href":"https:\/\/www.magali-willems.com\/fr\/wp-json\/wp\/v2\/posts\/23793\/revisions"}],"predecessor-version":[{"id":24133,"href":"https:\/\/www.magali-willems.com\/fr\/wp-json\/wp\/v2\/posts\/23793\/revisions\/24133"}],"wp:featuredmedia":[{"embeddable":true,"href":"https:\/\/www.magali-willems.com\/fr\/wp-json\/wp\/v2\/media\/23794"}],"wp:attachment":[{"href":"https:\/\/www.magali-willems.com\/fr\/wp-json\/wp\/v2\/media?parent=23793"}],"wp:term":[{"taxonomy":"category","embeddable":true,"href":"https:\/\/www.magali-willems.com\/fr\/wp-json\/wp\/v2\/categories?post=23793"},{"taxonomy":"post_tag","embeddable":true,"href":"https:\/\/www.magali-willems.com\/fr\/wp-json\/wp\/v2\/tags?post=23793"}],"curies":[{"name":"wp","href":"https:\/\/api.w.org\/{rel}","templated":true}]}}