{"id":23776,"date":"2022-10-24T22:04:23","date_gmt":"2022-10-24T20:04:23","guid":{"rendered":"https:\/\/www.magali-willems.com\/?p=23776"},"modified":"2023-12-13T22:55:53","modified_gmt":"2023-12-13T21:55:53","slug":"salon-international-arts-plastiques-la-rochelle","status":"publish","type":"post","link":"https:\/\/www.magali-willems.com\/fr\/salon-international-arts-plastiques-la-rochelle\/","title":{"rendered":"Salon International Arts Plastiques La Rochelle"},"content":{"rendered":"<p>[vc_row][vc_column][vc_column_text]Distinction Salon International Arts Plastiques La Rochelle<\/p>\n<p>Trois Sculptures en bronze de mon atelier \u00e0 Meucon, <a href=\"https:\/\/www.magali-willems.com\/fr\/portfolio-item\/la-dechirure\/\">La D\u00e9chirure<\/a>, <a href=\"https:\/\/www.magali-willems.com\/fr\/portfolio-item\/the-summer-time\/lete2\/\">L&rsquo;Et\u00e9 3\/8<\/a> et <a href=\"https:\/\/www.magali-willems.com\/fr\/portfolio-item\/esperance\/\">l&rsquo;Esp\u00e9rance<\/a> sont pr\u00e9sentes dans la Salle de l&rsquo;Oratoire de La Rochelle.<\/p>\n<p><a href=\"https:\/\/lesalondartsplastiquesdelarochelle.com\/\">Le Salon International des Arts Plastiques de La Rochelle<\/a> regroupe 600 oeuvres, vous pouvez y d\u00e9couvrir des peintures, des pastels, aquarelles, huiles, sculptures, photographies.<\/p>\n<p>L&rsquo;exposition se d\u00e9roule sur trois sites :<\/p>\n<p><a href=\"https:\/\/www.google.com\/maps\/place\/Salle+de+L'Oratoire\/@46.1635139,-1.1518505,15z\/data=!4m2!3m1!1s0x0:0xd03b99903f2aed61?sa=X&amp;ved=2ahUKEwi38KCnufn6AhUK2xoKHbD_COUQ_BJ6BAhkEAU\">La Salle de l&rsquo;Oratoire<\/a>, l&rsquo;espace culturel Leclerc \u00e0 Le Meur et le Ch\u00e2teau de Lagord.<\/p>\n<p>Le Jury a souhait\u00e9 me r\u00e9compenser pour mes cr\u00e9ations, c&rsquo;est gratifiant \ud83d\ude0a.<\/p>\n<p>Cette exposition se d\u00e9roule du 20 Octobre au 4 Novembre 2022.<\/p>\n<p>Vous pouvez d\u00e9couvrir des vid\u00e9os de l&rsquo;exposition sur\u00a0 <a href=\"https:\/\/www.facebook.com\/bronzesencouleurs\/\">ma page Facebook<\/a> \ud83d\ude09\ud83d\ude09\ud83d\ude09[\/vc_column_text][\/vc_column][\/vc_row][vc_row][vc_column][vc_gallery interval=\u00a0\u00bb3&Prime; images=\u00a0\u00bb23782,23784,23786,23785,23781,23783,23787&Prime;][\/vc_column][\/vc_row]<\/p>","protected":false},"excerpt":{"rendered":"<p>ARTBOX PALMA 1.0<br \/>\nTrois Sculptures en bronze de mon atelier \u00e0 Meucon, La D\u00e9chirure, L&rsquo;Et\u00e9 2\/8 et l&rsquo;Esp\u00e9rance sont pr\u00e9sent\u00e9es au Jury pour la s\u00e9lection.<\/p>\n","protected":false},"author":3665,"featured_media":23790,"comment_status":"closed","ping_status":"open","sticky":false,"template":"","format":"standard","meta":{"_exactmetrics_skip_tracking":false,"_exactmetrics_sitenote_active":false,"_exactmetrics_sitenote_note":"","_exactmetrics_sitenote_category":0,"_vp_format_video_url":"","_vp_image_focal_point":[]},"categories":[7],"tags":[102,50,101],"aioseo_notices":[],"_links":{"self":[{"href":"https:\/\/www.magali-willems.com\/fr\/wp-json\/wp\/v2\/posts\/23776"}],"collection":[{"href":"https:\/\/www.magali-willems.com\/fr\/wp-json\/wp\/v2\/posts"}],"about":[{"href":"https:\/\/www.magali-willems.com\/fr\/wp-json\/wp\/v2\/types\/post"}],"author":[{"embeddable":true,"href":"https:\/\/www.magali-willems.com\/fr\/wp-json\/wp\/v2\/users\/3665"}],"replies":[{"embeddable":true,"href":"https:\/\/www.magali-willems.com\/fr\/wp-json\/wp\/v2\/comments?post=23776"}],"version-history":[{"count":6,"href":"https:\/\/www.magali-willems.com\/fr\/wp-json\/wp\/v2\/posts\/23776\/revisions"}],"predecessor-version":[{"id":24134,"href":"https:\/\/www.magali-willems.com\/fr\/wp-json\/wp\/v2\/posts\/23776\/revisions\/24134"}],"wp:featuredmedia":[{"embeddable":true,"href":"https:\/\/www.magali-willems.com\/fr\/wp-json\/wp\/v2\/media\/23790"}],"wp:attachment":[{"href":"https:\/\/www.magali-willems.com\/fr\/wp-json\/wp\/v2\/media?parent=23776"}],"wp:term":[{"taxonomy":"category","embeddable":true,"href":"https:\/\/www.magali-willems.com\/fr\/wp-json\/wp\/v2\/categories?post=23776"},{"taxonomy":"post_tag","embeddable":true,"href":"https:\/\/www.magali-willems.com\/fr\/wp-json\/wp\/v2\/tags?post=23776"}],"curies":[{"name":"wp","href":"https:\/\/api.w.org\/{rel}","templated":true}]}}