{"id":23471,"date":"2020-10-22T12:23:10","date_gmt":"2020-10-22T10:23:10","guid":{"rendered":"https:\/\/www.magali-willems.com\/?p=23471"},"modified":"2023-12-13T22:56:39","modified_gmt":"2023-12-13T21:56:39","slug":"prix-du-public-s-a-a-f","status":"publish","type":"post","link":"https:\/\/www.magali-willems.com\/fr\/prix-du-public-s-a-a-f\/","title":{"rendered":"L&rsquo;\u00e9t\u00e9 &#8211; Prix du Public"},"content":{"rendered":"<p>[vc_row][vc_column][vc_column_text]L&rsquo;\u00e9t\u00e9 -Prix du Public &#8211; Soci\u00e9t\u00e9 des Auteurs et Artistes Francophones &#8211;<\/p>\n<p>Ce dimanche 18 Octobre au <a href=\"https:\/\/www.magali-willems.com\/fr\/chateau-de-dissay-culture-et-patrimoine-exposition-sculptures\/\">Ch\u00e2teau de Dissay<\/a>, le public a s\u00e9lectionn\u00e9 ma cr\u00e9ation <a href=\"https:\/\/www.magali-willems.com\/fr\/portfolio-item\/the-summer-time\/\">\u00ab\u00a0l&rsquo;\u00e9t\u00e9\u00a0\u00bb oeuvre en bronze &#8211; patine noire &#8211; num\u00e9ro 1\/8.<\/a><\/p>\n<p>Quelle touchante r\u00e9compense que celle d&rsquo;un regard anonyme sur une oeuvre pr\u00e9sent\u00e9e au milieu de tant d&rsquo;autres si belles. Alors tout simplement un \u00ab\u00a0Grand Merci\u00a0\u00bb.<\/p>\n<p>Recevoir le prix des mains de <a href=\"https:\/\/www.facebook.com\/Boun-Art-et-Emotions-111387117246020\/\">Jean-Luc Boun<\/a> et de <a href=\"https:\/\/www.francetvinfo.fr\/monde\/afrique\/maroc\/video-l-association-les-ailes-du-petit-prince-fait-voler-de-petits-enfants-handicapes-dans-l-esprit-de-saint-exupery_3597943.html\">Herv\u00e9 de Saint Exup\u00e9ry<\/a>, c&rsquo;est aussi recevoir un immense cadeau de symboles positifs : rencontres si inspirantes, mains tendues accompagnantes et bienveillantes sur le chemin de l&rsquo;humilit\u00e9 et de la pers\u00e9v\u00e9rance.<\/p>\n<p>Merci aussi \u00e0 Monsieur et Madame Pag\u00e9 pour leur chaleureux accueil, \u00e0 la Pr\u00e9sidente <a href=\"https:\/\/unisversart.com\/natalia-dupont-dutilloy\/\">Natalia Dupont Dutilloy<\/a> et \u00e0 tous les membres du bureau investis pour ce beau moment.[\/vc_column_text][\/vc_column][\/vc_row][vc_row][vc_column][vc_gallery interval=\u00a0\u00bb3&Prime; images=\u00a0\u00bb23473,23474,23475&Prime;][\/vc_column][\/vc_row]<\/p>","protected":false},"excerpt":{"rendered":"<p>[vc_row][vc_column][vc_column_text]L&rsquo;\u00e9t\u00e9 -Prix du Public &#8211; Soci\u00e9t\u00e9 des Auteurs et Artistes Francophones &#8211; Ce dimanche 18 Octobre au Ch\u00e2teau de Dissay, le public a s\u00e9lectionn\u00e9 ma cr\u00e9ation \u00ab\u00a0l&rsquo;\u00e9t\u00e9\u00a0\u00bb oeuvre en bronze &#8211; patine noire &#8211; num\u00e9ro 1\/8. Quelle touchante r\u00e9compense que celle d&rsquo;un regard anonyme sur une oeuvre pr\u00e9sent\u00e9e au milieu de tant d&rsquo;autres si belles. [&hellip;]<\/p>\n","protected":false},"author":3665,"featured_media":23482,"comment_status":"closed","ping_status":"open","sticky":false,"template":"","format":"standard","meta":{"_exactmetrics_skip_tracking":false,"_exactmetrics_sitenote_active":false,"_exactmetrics_sitenote_note":"","_exactmetrics_sitenote_category":0,"_vp_format_video_url":"","_vp_image_focal_point":[]},"categories":[7],"tags":[102,50,101],"aioseo_notices":[],"_links":{"self":[{"href":"https:\/\/www.magali-willems.com\/fr\/wp-json\/wp\/v2\/posts\/23471"}],"collection":[{"href":"https:\/\/www.magali-willems.com\/fr\/wp-json\/wp\/v2\/posts"}],"about":[{"href":"https:\/\/www.magali-willems.com\/fr\/wp-json\/wp\/v2\/types\/post"}],"author":[{"embeddable":true,"href":"https:\/\/www.magali-willems.com\/fr\/wp-json\/wp\/v2\/users\/3665"}],"replies":[{"embeddable":true,"href":"https:\/\/www.magali-willems.com\/fr\/wp-json\/wp\/v2\/comments?post=23471"}],"version-history":[{"count":8,"href":"https:\/\/www.magali-willems.com\/fr\/wp-json\/wp\/v2\/posts\/23471\/revisions"}],"predecessor-version":[{"id":24136,"href":"https:\/\/www.magali-willems.com\/fr\/wp-json\/wp\/v2\/posts\/23471\/revisions\/24136"}],"wp:featuredmedia":[{"embeddable":true,"href":"https:\/\/www.magali-willems.com\/fr\/wp-json\/wp\/v2\/media\/23482"}],"wp:attachment":[{"href":"https:\/\/www.magali-willems.com\/fr\/wp-json\/wp\/v2\/media?parent=23471"}],"wp:term":[{"taxonomy":"category","embeddable":true,"href":"https:\/\/www.magali-willems.com\/fr\/wp-json\/wp\/v2\/categories?post=23471"},{"taxonomy":"post_tag","embeddable":true,"href":"https:\/\/www.magali-willems.com\/fr\/wp-json\/wp\/v2\/tags?post=23471"}],"curies":[{"name":"wp","href":"https:\/\/api.w.org\/{rel}","templated":true}]}}