{"id":23455,"date":"2022-09-17T08:03:52","date_gmt":"2022-09-17T06:03:52","guid":{"rendered":"https:\/\/www.magali-willems.com\/?p=23455"},"modified":"2022-09-18T18:59:37","modified_gmt":"2022-09-18T16:59:37","slug":"artbox-project-palma1","status":"publish","type":"post","link":"https:\/\/www.magali-willems.com\/fr\/artbox-project-palma1\/","title":{"rendered":"ARTBOX PALMA 1.0"},"content":{"rendered":"<p>[vc_row][vc_column][vc_column_text]ARTBOX PALMA 1.0<\/p>\n<p>Trois Sculptures en bronze de mon atelier \u00e0 Meucon, <a href=\"https:\/\/www.magali-willems.com\/fr\/portfolio-item\/la-dechirure\/\">La D\u00e9chirure<\/a>, <a href=\"https:\/\/www.magali-willems.com\/fr\/portfolio-item\/the-summer-time\/lete2\/\">L&rsquo;Et\u00e9 2\/8<\/a> et <a href=\"https:\/\/www.magali-willems.com\/fr\/portfolio-item\/esperance\/\">l&rsquo;Esp\u00e9rance<\/a> sont pr\u00e9sent\u00e9es au Jury pour la s\u00e9lection.<\/p>\n<p>Objectif : Pr\u00e9senter mes cr\u00e9ations \u00e0 Palma de Majorque en plein coeur du quartier des arts, \u00e0 <a href=\"http:\/\/www.casadelartepalma.com\">la Casa Del Arte<\/a> du 24 Octobre au 5 Novembre 2022.<\/p>\n<p>Vous pouvez commenter et me dire laquelle vous pr\u00e9f\u00e9rez. Pour cela, rendez-vous sur <a href=\"https:\/\/www.facebook.com\/bronzesencouleurs\/\">ma page Facebook<\/a> \ud83d\ude09\ud83d\ude09\ud83d\ude09[\/vc_column_text][\/vc_column][\/vc_row][vc_row][vc_column][vc_gallery interval=\u00a0\u00bb3&Prime; images=\u00a0\u00bb23737,23736,23735&Prime;][\/vc_column][\/vc_row]<\/p>\n","protected":false},"excerpt":{"rendered":"<p>ARTBOX PALMA 1.0<br \/>\nTrois Sculptures en bronze de mon atelier \u00e0 Meucon, La D\u00e9chirure, L&rsquo;Et\u00e9 2\/8 et l&rsquo;Esp\u00e9rance sont pr\u00e9sent\u00e9es au Jury pour la s\u00e9lection.<\/p>\n","protected":false},"author":3665,"featured_media":23734,"comment_status":"closed","ping_status":"open","sticky":false,"template":"","format":"standard","meta":{"_exactmetrics_skip_tracking":false,"_exactmetrics_sitenote_active":false,"_exactmetrics_sitenote_note":"","_exactmetrics_sitenote_category":0,"_vp_format_video_url":"","_vp_image_focal_point":[]},"categories":[7],"tags":[102,50,101],"aioseo_notices":[],"_links":{"self":[{"href":"https:\/\/www.magali-willems.com\/fr\/wp-json\/wp\/v2\/posts\/23455"}],"collection":[{"href":"https:\/\/www.magali-willems.com\/fr\/wp-json\/wp\/v2\/posts"}],"about":[{"href":"https:\/\/www.magali-willems.com\/fr\/wp-json\/wp\/v2\/types\/post"}],"author":[{"embeddable":true,"href":"https:\/\/www.magali-willems.com\/fr\/wp-json\/wp\/v2\/users\/3665"}],"replies":[{"embeddable":true,"href":"https:\/\/www.magali-willems.com\/fr\/wp-json\/wp\/v2\/comments?post=23455"}],"version-history":[{"count":12,"href":"https:\/\/www.magali-willems.com\/fr\/wp-json\/wp\/v2\/posts\/23455\/revisions"}],"predecessor-version":[{"id":23739,"href":"https:\/\/www.magali-willems.com\/fr\/wp-json\/wp\/v2\/posts\/23455\/revisions\/23739"}],"wp:featuredmedia":[{"embeddable":true,"href":"https:\/\/www.magali-willems.com\/fr\/wp-json\/wp\/v2\/media\/23734"}],"wp:attachment":[{"href":"https:\/\/www.magali-willems.com\/fr\/wp-json\/wp\/v2\/media?parent=23455"}],"wp:term":[{"taxonomy":"category","embeddable":true,"href":"https:\/\/www.magali-willems.com\/fr\/wp-json\/wp\/v2\/categories?post=23455"},{"taxonomy":"post_tag","embeddable":true,"href":"https:\/\/www.magali-willems.com\/fr\/wp-json\/wp\/v2\/tags?post=23455"}],"curies":[{"name":"wp","href":"https:\/\/api.w.org\/{rel}","templated":true}]}}