{"id":23368,"date":"2020-08-22T11:50:38","date_gmt":"2020-08-22T09:50:38","guid":{"rendered":"https:\/\/www.magali-willems.com\/?p=23368"},"modified":"2020-08-22T11:51:23","modified_gmt":"2020-08-22T09:51:23","slug":"labbadiale-un-grand-merci-pour-cette-belle-experience","status":"publish","type":"post","link":"https:\/\/www.magali-willems.com\/fr\/labbadiale-un-grand-merci-pour-cette-belle-experience\/","title":{"rendered":"Un grand merci \u00e0 l&rsquo;Abbadiale"},"content":{"rendered":"<p>[vc_row][vc_column][vc_column_text]L&rsquo;Abbadiale &#8211; Maison des Arts de <a href=\"https:\/\/www.arrasenlavedan.fr\/\">Arras-en-Lavedan<\/a> &#8211; Val d&rsquo;Azun<\/p>\n<p>Un grand Merci \u00e0 l&rsquo;\u00e9quipe dynamique, joyeuse et si accueillante de l&rsquo;Abbadiale pour cette belle exp\u00e9rience d&rsquo;exposition .<\/p>\n<p>Le principe de cette association est simple et coh\u00e9rent :<\/p>\n<ul>\n<li>au rez-de-chauss\u00e9e une exposition permanente des artistes locaux et en temps normal (hors Covid) un espace central pour des stages propos\u00e9s par les artistes locaux.<\/li>\n<li>au premier \u00e9tage une exposition temporaire d&rsquo;artistes r\u00e9gionaux ou ext\u00e9rieurs<\/li>\n<\/ul>\n<p>Une jolie s\u00e9lection d&rsquo;oeuvres et un public tr\u00e8s attentif nous ont permis de jolies rencontres et d\u00e9couvertes.<\/p>\n<p>A d\u00e9couvrir ou red\u00e9couvrir !<\/p>\n<p><a href=\"https:\/\/www.facebook.com\/ABBADIALE\/\">L&rsquo;Abbadiale est sur Facebook\u00a0<\/a><\/p>\n<p>Pour vous rendre \u00e0 la Maison des Arts- <a href=\"http:\/\/www.abbadiale.fr\/association\/venir-a-la-maison-des-arts\/\">cliquez sur le lien.<\/a><\/p>\n<p>[\/vc_column_text][vc_single_image image=\u00a0\u00bb23369&Prime;][\/vc_column][\/vc_row]<\/p>","protected":false},"excerpt":{"rendered":"<p>[vc_row][vc_column][vc_column_text]L&rsquo;Abbadiale &#8211; Maison des Arts de Arras-en-Lavedan &#8211; Val d&rsquo;Azun Un grand Merci \u00e0 l&rsquo;\u00e9quipe dynamique, joyeuse et si accueillante de l&rsquo;Abbadiale pour cette belle exp\u00e9rience d&rsquo;exposition . Le principe de cette association est simple et coh\u00e9rent : au rez-de-chauss\u00e9e une exposition permanente des artistes locaux et en temps normal (hors Covid) un espace central [&hellip;]<\/p>\n","protected":false},"author":3665,"featured_media":23371,"comment_status":"closed","ping_status":"open","sticky":false,"template":"","format":"standard","meta":{"_exactmetrics_skip_tracking":false,"_exactmetrics_sitenote_active":false,"_exactmetrics_sitenote_note":"","_exactmetrics_sitenote_category":0,"_vp_format_video_url":"","_vp_image_focal_point":[]},"categories":[7],"tags":[102,50,101],"aioseo_notices":[],"_links":{"self":[{"href":"https:\/\/www.magali-willems.com\/fr\/wp-json\/wp\/v2\/posts\/23368"}],"collection":[{"href":"https:\/\/www.magali-willems.com\/fr\/wp-json\/wp\/v2\/posts"}],"about":[{"href":"https:\/\/www.magali-willems.com\/fr\/wp-json\/wp\/v2\/types\/post"}],"author":[{"embeddable":true,"href":"https:\/\/www.magali-willems.com\/fr\/wp-json\/wp\/v2\/users\/3665"}],"replies":[{"embeddable":true,"href":"https:\/\/www.magali-willems.com\/fr\/wp-json\/wp\/v2\/comments?post=23368"}],"version-history":[{"count":2,"href":"https:\/\/www.magali-willems.com\/fr\/wp-json\/wp\/v2\/posts\/23368\/revisions"}],"predecessor-version":[{"id":23373,"href":"https:\/\/www.magali-willems.com\/fr\/wp-json\/wp\/v2\/posts\/23368\/revisions\/23373"}],"wp:featuredmedia":[{"embeddable":true,"href":"https:\/\/www.magali-willems.com\/fr\/wp-json\/wp\/v2\/media\/23371"}],"wp:attachment":[{"href":"https:\/\/www.magali-willems.com\/fr\/wp-json\/wp\/v2\/media?parent=23368"}],"wp:term":[{"taxonomy":"category","embeddable":true,"href":"https:\/\/www.magali-willems.com\/fr\/wp-json\/wp\/v2\/categories?post=23368"},{"taxonomy":"post_tag","embeddable":true,"href":"https:\/\/www.magali-willems.com\/fr\/wp-json\/wp\/v2\/tags?post=23368"}],"curies":[{"name":"wp","href":"https:\/\/api.w.org\/{rel}","templated":true}]}}