{"id":23109,"date":"2019-12-09T07:20:06","date_gmt":"2019-12-09T06:20:06","guid":{"rendered":"https:\/\/www.magali-willems.com\/?p=23109"},"modified":"2024-05-05T15:10:40","modified_gmt":"2024-05-05T13:10:40","slug":"expression-par-la-matiere","status":"publish","type":"post","link":"https:\/\/www.magali-willems.com\/fr\/expression-par-la-matiere\/","title":{"rendered":"Expression par la Mati\u00e8re"},"content":{"rendered":"<p>[vc_row][vc_column width=\u00a0\u00bb2\/3&Prime;][vc_column_text]Nous serons 4 Artistes pr\u00e9sentes dans l&rsquo;atelier de <a href=\"https:\/\/www.lorainegrassin.com\/\">Loraine Grassin<\/a> pour y exposer nos derni\u00e8res cr\u00e9ations.<\/p>\n<p>Loraine Grassin &#8211; Mosa\u00efste &#8211; Atelier LG \u00e0 Carnac &#8211; nous re\u00e7oit du 13 au 15 D\u00e9cembre 2019\u00a0 de 10h \u00e0 19h<\/p>\n<p>Peintures, Sculptures, C\u00e9ramiques et Mosa\u00efques se rencontreront.<br \/>\n<a href=\"https:\/\/www.facebook.com\/clairerodriguezfraissenon\/\">Claire Fraissenon<\/a> pr\u00e9sentera ses peintures sur soies autour de ses toiles<br \/>\n<a href=\"https:\/\/www.facebook.com\/sigi.fougeres\">Sigi Foug\u00e8res<\/a> vous fera d\u00e9couvrir ses c\u00e9ramiques<br \/>\n<a href=\"https:\/\/www.lorainegrassin.com\/\">Loraine Grassin<\/a> vous accueillera dans son univers de mosa\u00efques<br \/>\nEt vous pourrez \u00e9galement d\u00e9couvrir <a href=\"https:\/\/www.magali-willems.com\/fr\/creations-2\/\">mes sculptures en bronze<\/a><\/p>\n<p>Vous pourrez \u00e9changer avec les artistes qui auront grand plaisir \u00e0 vous expliquer leurs techniques et leur approche de l&rsquo;Art.<\/p>\n<p>Atelier LG &#8211; 8 rue des Thermes &#8211; Z.A de Montauban &#8211; 56340 CARNAC<br \/>\n<a href=\"https:\/\/www.google.com\/maps\/place\/CONCEPT+OPUS+ATELIER+LG\/@47.590234,-3.060463,15z\/data=!4m5!3m4!1s0x0:0x26f2c4828dbc07e4!8m2!3d47.590234!4d-3.060463\">Cliquez sur ce lien GPS\u00a0<\/a>[\/vc_column_text][\/vc_column][vc_column width=\u00a0\u00bb1\/3&Prime;][vc_single_image image=\u00a0\u00bb23132&Prime; img_size=\u00a0\u00bbmedium\u00a0\u00bb][\/vc_column][\/vc_row]<\/p>","protected":false},"excerpt":{"rendered":"<p>[vc_row][vc_column width=\u00a0\u00bb2\/3&Prime;][vc_column_text]Nous serons 4 Artistes pr\u00e9sentes dans l&rsquo;atelier de Loraine Grassin pour y exposer nos derni\u00e8res cr\u00e9ations. Loraine Grassin &#8211; Mosa\u00efste &#8211; Atelier LG \u00e0 Carnac &#8211; nous re\u00e7oit du 13 au 15 D\u00e9cembre 2019\u00a0 de 10h \u00e0 19h Peintures, Sculptures, C\u00e9ramiques et Mosa\u00efques se rencontreront. Claire Fraissenon pr\u00e9sentera ses peintures sur soies autour de [&hellip;]<\/p>\n","protected":false},"author":3665,"featured_media":23136,"comment_status":"closed","ping_status":"open","sticky":false,"template":"","format":"standard","meta":{"_exactmetrics_skip_tracking":false,"_exactmetrics_sitenote_active":false,"_exactmetrics_sitenote_note":"","_exactmetrics_sitenote_category":0,"_vp_format_video_url":"","_vp_image_focal_point":[]},"categories":[7],"tags":[102,50,101],"aioseo_notices":[],"_links":{"self":[{"href":"https:\/\/www.magali-willems.com\/fr\/wp-json\/wp\/v2\/posts\/23109"}],"collection":[{"href":"https:\/\/www.magali-willems.com\/fr\/wp-json\/wp\/v2\/posts"}],"about":[{"href":"https:\/\/www.magali-willems.com\/fr\/wp-json\/wp\/v2\/types\/post"}],"author":[{"embeddable":true,"href":"https:\/\/www.magali-willems.com\/fr\/wp-json\/wp\/v2\/users\/3665"}],"replies":[{"embeddable":true,"href":"https:\/\/www.magali-willems.com\/fr\/wp-json\/wp\/v2\/comments?post=23109"}],"version-history":[{"count":11,"href":"https:\/\/www.magali-willems.com\/fr\/wp-json\/wp\/v2\/posts\/23109\/revisions"}],"predecessor-version":[{"id":24139,"href":"https:\/\/www.magali-willems.com\/fr\/wp-json\/wp\/v2\/posts\/23109\/revisions\/24139"}],"wp:featuredmedia":[{"embeddable":true,"href":"https:\/\/www.magali-willems.com\/fr\/wp-json\/wp\/v2\/media\/23136"}],"wp:attachment":[{"href":"https:\/\/www.magali-willems.com\/fr\/wp-json\/wp\/v2\/media?parent=23109"}],"wp:term":[{"taxonomy":"category","embeddable":true,"href":"https:\/\/www.magali-willems.com\/fr\/wp-json\/wp\/v2\/categories?post=23109"},{"taxonomy":"post_tag","embeddable":true,"href":"https:\/\/www.magali-willems.com\/fr\/wp-json\/wp\/v2\/tags?post=23109"}],"curies":[{"name":"wp","href":"https:\/\/api.w.org\/{rel}","templated":true}]}}