{"id":19500,"date":"2017-10-11T21:50:30","date_gmt":"2017-10-11T19:50:30","guid":{"rendered":"http:\/\/www.magali-willems.com\/?p=19500"},"modified":"2019-04-11T21:14:13","modified_gmt":"2019-04-11T19:14:13","slug":"recompense","status":"publish","type":"post","link":"https:\/\/www.magali-willems.com\/fr\/recompense\/","title":{"rendered":"R\u00e9compense"},"content":{"rendered":"<p>R\u00e9compense :<\/p>\n<p>Le 59\u00e8me congr\u00e8s de la Soci\u00e9t\u00e9 des Po\u00e8tes et Artistes de France s&rsquo;est tenu \u00e0 V\u00e9zelay cette ann\u00e9e.<\/p>\n<p>Artistes et Po\u00e8tes se sont r\u00e9unis dans une jolie salle et nous avons pu d\u00e9couvrir les talents de chacun;\u00a0 J&rsquo;ai eu le plaisir de recevoir un prix. Permettez-moi de le partager\u00a0 ici avec vous, car \u00e0 mes yeux, la plus belle des r\u00e9compenses\u00a0est\u00a0votre regard sur mon travail.<\/p>\n<p><img decoding=\"async\" loading=\"lazy\" class=\"alignnone wp-image-19501\" src=\"http:\/\/www.magali-willems.com\/wp-content\/uploads\/2017\/10\/20171006_140540-redim-420x747.jpg\" alt=\"\" width=\"225\" height=\"400\" srcset=\"https:\/\/www.magali-willems.com\/wp-content\/uploads\/2017\/10\/20171006_140540-redim-420x747.jpg 420w, https:\/\/www.magali-willems.com\/wp-content\/uploads\/2017\/10\/20171006_140540-redim-570x1013.jpg 570w, https:\/\/www.magali-willems.com\/wp-content\/uploads\/2017\/10\/20171006_140540-redim.jpg 720w\" sizes=\"(max-width: 225px) 100vw, 225px\" \/> \u00a0<img decoding=\"async\" loading=\"lazy\" class=\"alignnone wp-image-19502\" src=\"http:\/\/www.magali-willems.com\/wp-content\/uploads\/2017\/10\/20171006_142831-redim-420x747.jpg\" alt=\"\" width=\"223\" height=\"396\" srcset=\"https:\/\/www.magali-willems.com\/wp-content\/uploads\/2017\/10\/20171006_142831-redim-420x747.jpg 420w, https:\/\/www.magali-willems.com\/wp-content\/uploads\/2017\/10\/20171006_142831-redim-570x1013.jpg 570w, https:\/\/www.magali-willems.com\/wp-content\/uploads\/2017\/10\/20171006_142831-redim.jpg 720w\" sizes=\"(max-width: 223px) 100vw, 223px\" \/>\u00a0\u00a0<img decoding=\"async\" loading=\"lazy\" class=\"alignnone wp-image-19516\" src=\"http:\/\/www.magali-willems.com\/wp-content\/uploads\/2017\/10\/20171006_172852-redim-420x747.jpg\" alt=\"\" width=\"223\" height=\"397\" srcset=\"https:\/\/www.magali-willems.com\/wp-content\/uploads\/2017\/10\/20171006_172852-redim-420x747.jpg 420w, https:\/\/www.magali-willems.com\/wp-content\/uploads\/2017\/10\/20171006_172852-redim-570x1013.jpg 570w, https:\/\/www.magali-willems.com\/wp-content\/uploads\/2017\/10\/20171006_172852-redim.jpg 720w\" sizes=\"(max-width: 223px) 100vw, 223px\" \/><\/p>\n<p>Voici quelques photos de cette magnifique basilique de Sainte Marie Madeleine de V\u00e9zelay :<\/p>\n<p><img decoding=\"async\" loading=\"lazy\" class=\"alignnone wp-image-19505\" src=\"http:\/\/www.magali-willems.com\/wp-content\/uploads\/2017\/10\/20171006_133550-redim-420x747.jpg\" alt=\"\" width=\"177\" height=\"317\" \/> <img decoding=\"async\" loading=\"lazy\" class=\"alignnone wp-image-19507\" src=\"http:\/\/www.magali-willems.com\/wp-content\/uploads\/2017\/10\/20171006_133737-redim-420x747.jpg\" alt=\"\" width=\"177\" height=\"314\" srcset=\"https:\/\/www.magali-willems.com\/wp-content\/uploads\/2017\/10\/20171006_133737-redim-420x747.jpg 420w, https:\/\/www.magali-willems.com\/wp-content\/uploads\/2017\/10\/20171006_133737-redim-570x1013.jpg 570w, https:\/\/www.magali-willems.com\/wp-content\/uploads\/2017\/10\/20171006_133737-redim.jpg 720w\" sizes=\"(max-width: 177px) 100vw, 177px\" \/>\u00a0 <img decoding=\"async\" loading=\"lazy\" class=\"alignnone wp-image-19513\" src=\"http:\/\/www.magali-willems.com\/wp-content\/uploads\/2017\/10\/web-420x591.jpg\" alt=\"\" width=\"226\" height=\"318\" srcset=\"https:\/\/www.magali-willems.com\/wp-content\/uploads\/2017\/10\/web-420x591.jpg 420w, https:\/\/www.magali-willems.com\/wp-content\/uploads\/2017\/10\/web-570x802.jpg 570w, https:\/\/www.magali-willems.com\/wp-content\/uploads\/2017\/10\/web-744x1046.jpg 744w, https:\/\/www.magali-willems.com\/wp-content\/uploads\/2017\/10\/web-768x1080.jpg 768w, https:\/\/www.magali-willems.com\/wp-content\/uploads\/2017\/10\/web-1200x1688.jpg 1200w, https:\/\/www.magali-willems.com\/wp-content\/uploads\/2017\/10\/web-1144x1609.jpg 1144w, https:\/\/www.magali-willems.com\/wp-content\/uploads\/2017\/10\/web.jpg 1440w\" sizes=\"(max-width: 226px) 100vw, 226px\" \/><\/p>\n<p>&nbsp;<\/p>\n","protected":false},"excerpt":{"rendered":"<p>R\u00e9compense : Le 59\u00e8me congr\u00e8s de la Soci\u00e9t\u00e9 des Po\u00e8tes et Artistes de France s&rsquo;est tenu \u00e0 V\u00e9zelay cette ann\u00e9e. Artistes et Po\u00e8tes se sont r\u00e9unis dans une jolie salle et nous avons pu d\u00e9couvrir les talents de chacun;\u00a0 J&rsquo;ai eu le plaisir de recevoir un prix. Permettez-moi de le partager\u00a0 ici avec vous, car [&hellip;]<\/p>\n","protected":false},"author":3665,"featured_media":19499,"comment_status":"closed","ping_status":"closed","sticky":false,"template":"","format":"standard","meta":{"_exactmetrics_skip_tracking":false,"_exactmetrics_sitenote_active":false,"_exactmetrics_sitenote_note":"","_exactmetrics_sitenote_category":0,"_vp_format_video_url":"","_vp_image_focal_point":[]},"categories":[7],"tags":[102,50,41,101,46,47],"aioseo_notices":[],"_links":{"self":[{"href":"https:\/\/www.magali-willems.com\/fr\/wp-json\/wp\/v2\/posts\/19500"}],"collection":[{"href":"https:\/\/www.magali-willems.com\/fr\/wp-json\/wp\/v2\/posts"}],"about":[{"href":"https:\/\/www.magali-willems.com\/fr\/wp-json\/wp\/v2\/types\/post"}],"author":[{"embeddable":true,"href":"https:\/\/www.magali-willems.com\/fr\/wp-json\/wp\/v2\/users\/3665"}],"replies":[{"embeddable":true,"href":"https:\/\/www.magali-willems.com\/fr\/wp-json\/wp\/v2\/comments?post=19500"}],"version-history":[{"count":6,"href":"https:\/\/www.magali-willems.com\/fr\/wp-json\/wp\/v2\/posts\/19500\/revisions"}],"predecessor-version":[{"id":19519,"href":"https:\/\/www.magali-willems.com\/fr\/wp-json\/wp\/v2\/posts\/19500\/revisions\/19519"}],"wp:featuredmedia":[{"embeddable":true,"href":"https:\/\/www.magali-willems.com\/fr\/wp-json\/wp\/v2\/media\/19499"}],"wp:attachment":[{"href":"https:\/\/www.magali-willems.com\/fr\/wp-json\/wp\/v2\/media?parent=19500"}],"wp:term":[{"taxonomy":"category","embeddable":true,"href":"https:\/\/www.magali-willems.com\/fr\/wp-json\/wp\/v2\/categories?post=19500"},{"taxonomy":"post_tag","embeddable":true,"href":"https:\/\/www.magali-willems.com\/fr\/wp-json\/wp\/v2\/tags?post=19500"}],"curies":[{"name":"wp","href":"https:\/\/api.w.org\/{rel}","templated":true}]}}