{"id":19364,"date":"2017-07-11T18:31:02","date_gmt":"2017-07-11T16:31:02","guid":{"rendered":"http:\/\/www.magali-willems.com\/?p=19364"},"modified":"2019-12-04T16:13:07","modified_gmt":"2019-12-04T15:13:07","slug":"premier-prix-sculpture-spaf-bretagne-2017","status":"publish","type":"post","link":"https:\/\/www.magali-willems.com\/fr\/premier-prix-sculpture-spaf-bretagne-2017\/","title":{"rendered":"Premier Prix de Sculpture du concours S.P.A.F BRETAGNE 2017"},"content":{"rendered":"<p>Lors du concours des 17 et 18 Juin 2017, j&rsquo;ai re\u00e7u le <strong>Premier Prix de Sculpture<\/strong> de la Soci\u00e9t\u00e9 des Po\u00e8tes et Artistes de France &#8211; R\u00e9gion Bretagne &#8211;<\/p>\n<p>Un bel encouragement \u00e0 continuer et \u00e0 progresser dans mes multiples \u00e9tapes cr\u00e9atives.<\/p>\n<p>Tous mes remerciements au Jury, \u00e0 Mesdames Rose Sebillet et Marie-Louise Stephant Toutous dite \u00ab\u00a0Stephtout\u00a0\u00bb pour leur chaleureux accueil.<\/p>\n<p>Pour en savoir davantage sur la SPAF Bretagne, suivez le lien ci-dessous :<br \/>\n\u00a9 spaf-bretagne.com<br \/>\n<a href=\"http:\/\/spaf-bretagne.com\" target=\"_blank\" rel=\"noopener noreferrer\">http:\/\/www.spaf-bretagne.com<\/a><\/p>\n","protected":false},"excerpt":{"rendered":"<p>Lors du concours des 17 et 18 Juin 2017, j&rsquo;ai re\u00e7u le Premier Prix de Sculpture de la Soci\u00e9t\u00e9 des Po\u00e8tes et Artistes de France &#8211; R\u00e9gion Bretagne &#8211; Un bel encouragement \u00e0 continuer et \u00e0 progresser dans mes multiples \u00e9tapes cr\u00e9atives. Tous mes remerciements au Jury, \u00e0 Mesdames Rose Sebillet et Marie-Louise Stephant Toutous [&hellip;]<\/p>\n","protected":false},"author":3665,"featured_media":19362,"comment_status":"closed","ping_status":"closed","sticky":false,"template":"","format":"standard","meta":{"_exactmetrics_skip_tracking":false,"_exactmetrics_sitenote_active":false,"_exactmetrics_sitenote_note":"","_exactmetrics_sitenote_category":0,"_vp_format_video_url":"","_vp_image_focal_point":[]},"categories":[7],"tags":[102,50,41,105,104,101,46,47],"aioseo_notices":[],"_links":{"self":[{"href":"https:\/\/www.magali-willems.com\/fr\/wp-json\/wp\/v2\/posts\/19364"}],"collection":[{"href":"https:\/\/www.magali-willems.com\/fr\/wp-json\/wp\/v2\/posts"}],"about":[{"href":"https:\/\/www.magali-willems.com\/fr\/wp-json\/wp\/v2\/types\/post"}],"author":[{"embeddable":true,"href":"https:\/\/www.magali-willems.com\/fr\/wp-json\/wp\/v2\/users\/3665"}],"replies":[{"embeddable":true,"href":"https:\/\/www.magali-willems.com\/fr\/wp-json\/wp\/v2\/comments?post=19364"}],"version-history":[{"count":7,"href":"https:\/\/www.magali-willems.com\/fr\/wp-json\/wp\/v2\/posts\/19364\/revisions"}],"predecessor-version":[{"id":19378,"href":"https:\/\/www.magali-willems.com\/fr\/wp-json\/wp\/v2\/posts\/19364\/revisions\/19378"}],"wp:featuredmedia":[{"embeddable":true,"href":"https:\/\/www.magali-willems.com\/fr\/wp-json\/wp\/v2\/media\/19362"}],"wp:attachment":[{"href":"https:\/\/www.magali-willems.com\/fr\/wp-json\/wp\/v2\/media?parent=19364"}],"wp:term":[{"taxonomy":"category","embeddable":true,"href":"https:\/\/www.magali-willems.com\/fr\/wp-json\/wp\/v2\/categories?post=19364"},{"taxonomy":"post_tag","embeddable":true,"href":"https:\/\/www.magali-willems.com\/fr\/wp-json\/wp\/v2\/tags?post=19364"}],"curies":[{"name":"wp","href":"https:\/\/api.w.org\/{rel}","templated":true}]}}