{"id":24473,"date":"2024-12-18T15:36:17","date_gmt":"2024-12-18T14:36:17","guid":{"rendered":"https:\/\/www.magali-willems.com\/?p=24473"},"modified":"2024-12-18T15:39:27","modified_gmt":"2024-12-18T14:39:27","slug":"expo-duo-2024","status":"publish","type":"post","link":"https:\/\/www.magali-willems.com\/en\/expo-duo-2024\/","title":{"rendered":"Expo Duo 2024"},"content":{"rendered":"<p>[vc_row][vc_column width=&#8221;1\/3&#8243;][vc_column_text][\/vc_column_text][\/vc_column][vc_column width=&#8221;1\/3&#8243;][vc_gallery interval=&#8221;3&#8243; images=&#8221;24475,24474,24476,24477,24478,24479,24480,24481&#8243;][\/vc_column][vc_column width=&#8221;1\/3&#8243;][vc_column_text]Une Expo Duo 2024 pour cl\u00f4turer l&#8217;ann\u00e9e en beaut\u00e9 ! A l&#8217;occasion de ces f\u00eates de fin d&#8217;ann\u00e9e \u00a0<a href=\"https:\/\/www.facebook.com\/loraine.grassin\">Loraine Grassin<\/a>, Artiste Mosa\u00efste \u00e0 <a href=\"https:\/\/g.co\/kgs\/xj718vr\">Carnac<\/a> m&#8217;a ouvert les portes de son atelier o\u00f9 nos cr\u00e9ations s&#8217;harmonisent magnifiquement bien aux dires des visiteurs.<\/p>\n<p><a href=\"https:\/\/www.linkedin.com\/search\/results\/all\/?keywords=loraine%20grassin&amp;origin=TYPEAHEAD_HISTORY&amp;searchId=a29b42d2-dec0-4d2f-9e0a-ec2cf8cd7049&amp;sid=2uY&amp;spellCorrectionEnabled=true\">Loraine Grassin<\/a> pr\u00e9sente un univers color\u00e9 et chaleureux, alliant avec subtilit\u00e9 diff\u00e9rents mat\u00e9riaux avec finesse et justesse. Ses oeuvres uniques et de tailles vari\u00e9es jusqu&#8217;au monumental. En 2025, elle proposera des stages pour les enfants et les adultes dans un bel espace cr\u00e9\u00e9 \u00e0 son image, apaisant et propice \u00e0 la cr\u00e9ation.<\/p>\n<p>L&#8217;exposition jouera sans doute les prolongations jusqu&#8217;au 24 D\u00e9cembre pour vous permettre de venir et d&#8217;en ressortir avec &#8211; c&#8217;est notre souhait &#8211; des \u00e9toiles dans les yeux !<\/p>\n<p>[\/vc_column_text][\/vc_column][\/vc_row]<\/p>","protected":false},"excerpt":{"rendered":"<p>[vc_row][vc_column width=&#8221;1\/3&#8243;][vc_column_text][\/vc_column_text][\/vc_column][vc_column width=&#8221;1\/3&#8243;][vc_gallery interval=&#8221;3&#8243; images=&#8221;24475,24474,24476,24477,24478,24479,24480,24481&#8243;][\/vc_column][vc_column width=&#8221;1\/3&#8243;][vc_column_text]Une Expo Duo 2024 pour cl\u00f4turer l&#8217;ann\u00e9e en beaut\u00e9 ! A l&#8217;occasion de ces f\u00eates de fin d&#8217;ann\u00e9e \u00a0Loraine Grassin, Artiste Mosa\u00efste \u00e0 Carnac m&#8217;a ouvert les portes de son atelier o\u00f9 nos cr\u00e9ations s&#8217;harmonisent magnifiquement bien aux dires des visiteurs. Loraine Grassin pr\u00e9sente un univers color\u00e9 et chaleureux, alliant [&hellip;]<\/p>\n","protected":false},"author":3665,"featured_media":24475,"comment_status":"closed","ping_status":"closed","sticky":false,"template":"","format":"standard","meta":{"_exactmetrics_skip_tracking":false,"_exactmetrics_sitenote_active":false,"_exactmetrics_sitenote_note":"","_exactmetrics_sitenote_category":0,"_vp_format_video_url":"","_vp_image_focal_point":[]},"categories":[7],"tags":[],"aioseo_notices":[],"_links":{"self":[{"href":"https:\/\/www.magali-willems.com\/en\/wp-json\/wp\/v2\/posts\/24473"}],"collection":[{"href":"https:\/\/www.magali-willems.com\/en\/wp-json\/wp\/v2\/posts"}],"about":[{"href":"https:\/\/www.magali-willems.com\/en\/wp-json\/wp\/v2\/types\/post"}],"author":[{"embeddable":true,"href":"https:\/\/www.magali-willems.com\/en\/wp-json\/wp\/v2\/users\/3665"}],"replies":[{"embeddable":true,"href":"https:\/\/www.magali-willems.com\/en\/wp-json\/wp\/v2\/comments?post=24473"}],"version-history":[{"count":2,"href":"https:\/\/www.magali-willems.com\/en\/wp-json\/wp\/v2\/posts\/24473\/revisions"}],"predecessor-version":[{"id":24484,"href":"https:\/\/www.magali-willems.com\/en\/wp-json\/wp\/v2\/posts\/24473\/revisions\/24484"}],"wp:featuredmedia":[{"embeddable":true,"href":"https:\/\/www.magali-willems.com\/en\/wp-json\/wp\/v2\/media\/24475"}],"wp:attachment":[{"href":"https:\/\/www.magali-willems.com\/en\/wp-json\/wp\/v2\/media?parent=24473"}],"wp:term":[{"taxonomy":"category","embeddable":true,"href":"https:\/\/www.magali-willems.com\/en\/wp-json\/wp\/v2\/categories?post=24473"},{"taxonomy":"post_tag","embeddable":true,"href":"https:\/\/www.magali-willems.com\/en\/wp-json\/wp\/v2\/tags?post=24473"}],"curies":[{"name":"wp","href":"https:\/\/api.w.org\/{rel}","templated":true}]}}