{"id":24330,"date":"2024-06-26T17:20:44","date_gmt":"2024-06-26T15:20:44","guid":{"rendered":"https:\/\/www.magali-willems.com\/?p=24330"},"modified":"2024-08-24T15:04:51","modified_gmt":"2024-08-24T13:04:51","slug":"salon-dete-2024-arts-sciences-lettres","status":"publish","type":"post","link":"https:\/\/www.magali-willems.com\/en\/salon-dete-2024-arts-sciences-lettres\/","title":{"rendered":"SALON D&#8217;ETE 2024 &#8211; ARTS-SCIENCES-LETTRES"},"content":{"rendered":"<p>[vc_row][vc_column width=&#8221;1\/3&#8243;][vc_column_text][\/vc_column_text][\/vc_column][vc_column width=&#8221;1\/3&#8243;][vc_single_image image=&#8221;24331&#8243; img_size=&#8221;full&#8221; alignment=&#8221;center&#8221; style=&#8221;vc_box_rounded&#8221;][vc_single_image image=&#8221;24293&#8243; img_size=&#8221;full&#8221; alignment=&#8221;center&#8221; style=&#8221;vc_box_rounded&#8221;][vc_single_image image=&#8221;24251&#8243; img_size=&#8221;full&#8221; alignment=&#8221;center&#8221; style=&#8221;vc_box_rounded&#8221;][\/vc_column][vc_column width=&#8221;1\/3&#8243;][vc_column_text]Arts-Sciences-Lettres organise avec <a href=\"https:\/\/galeriethuillier.com\">La Galerie Thuillier<\/a> le salon d&#8217;\u00e9t\u00e9 2024 et accueille deux de mes sculptures du 28 Juin au 4 Juillet 2024.<\/p>\n<p>N&#8217;h\u00e9sitez pas \u00e0 vous y rendre !<\/p>\n<p>Profitez d&#8217;un moment de rencontres \u00e0 l&#8217;occasion du vernissage qui aura lieu le Samedi 29 Juin \u00a0de 18H \u00e0 21H00, avec une remise des prix \u00e0 19h30.<\/p>\n<p>La galerie est ouverte tous les jours de 13h \u00e0 19H<\/p>\n<p>Facile \u00e0 trouver (\u00e0 c\u00f4t\u00e9 du mus\u00e9e Picasso) et dans le superbe quartier du Marais, je ne peux que vous inviter \u00e0 venir \ud83d\ude0a<\/p>\n<p>Oeuvres \u00e0 d\u00e9couvrir : <a href=\"https:\/\/www.magali-willems.com\/fr\/portfolio-item\/jai-demande-a-la-lune\/\">j&#8217;ai demand\u00e9 \u00e0 la lune<\/a> et <a href=\"https:\/\/www.magali-willems.com\/fr\/portfolio-item\/libre\/\">libre !<\/a><\/p>\n<p>[\/vc_column_text][\/vc_column][\/vc_row]<\/p>","protected":false},"excerpt":{"rendered":"<p>[vc_row][vc_column width=&#8221;1\/3&#8243;][vc_column_text][\/vc_column_text][\/vc_column][vc_column width=&#8221;1\/3&#8243;][vc_single_image image=&#8221;24331&#8243; img_size=&#8221;full&#8221; alignment=&#8221;center&#8221; style=&#8221;vc_box_rounded&#8221;][vc_single_image image=&#8221;24293&#8243; img_size=&#8221;full&#8221; alignment=&#8221;center&#8221; style=&#8221;vc_box_rounded&#8221;][vc_single_image image=&#8221;24251&#8243; img_size=&#8221;full&#8221; alignment=&#8221;center&#8221; style=&#8221;vc_box_rounded&#8221;][\/vc_column][vc_column width=&#8221;1\/3&#8243;][vc_column_text]Arts-Sciences-Lettres organise avec La Galerie Thuillier le salon d&#8217;\u00e9t\u00e9 2024 et accueille deux de mes sculptures du 28 Juin au 4 Juillet 2024. N&#8217;h\u00e9sitez pas \u00e0 vous y rendre ! Profitez d&#8217;un moment de rencontres \u00e0 l&#8217;occasion du vernissage qui [&hellip;]<\/p>\n","protected":false},"author":3665,"featured_media":24332,"comment_status":"closed","ping_status":"closed","sticky":false,"template":"","format":"standard","meta":{"_exactmetrics_skip_tracking":false,"_exactmetrics_sitenote_active":false,"_exactmetrics_sitenote_note":"","_exactmetrics_sitenote_category":0,"_vp_format_video_url":"","_vp_image_focal_point":[]},"categories":[7],"tags":[],"aioseo_notices":[],"_links":{"self":[{"href":"https:\/\/www.magali-willems.com\/en\/wp-json\/wp\/v2\/posts\/24330"}],"collection":[{"href":"https:\/\/www.magali-willems.com\/en\/wp-json\/wp\/v2\/posts"}],"about":[{"href":"https:\/\/www.magali-willems.com\/en\/wp-json\/wp\/v2\/types\/post"}],"author":[{"embeddable":true,"href":"https:\/\/www.magali-willems.com\/en\/wp-json\/wp\/v2\/users\/3665"}],"replies":[{"embeddable":true,"href":"https:\/\/www.magali-willems.com\/en\/wp-json\/wp\/v2\/comments?post=24330"}],"version-history":[{"count":6,"href":"https:\/\/www.magali-willems.com\/en\/wp-json\/wp\/v2\/posts\/24330\/revisions"}],"predecessor-version":[{"id":24341,"href":"https:\/\/www.magali-willems.com\/en\/wp-json\/wp\/v2\/posts\/24330\/revisions\/24341"}],"wp:featuredmedia":[{"embeddable":true,"href":"https:\/\/www.magali-willems.com\/en\/wp-json\/wp\/v2\/media\/24332"}],"wp:attachment":[{"href":"https:\/\/www.magali-willems.com\/en\/wp-json\/wp\/v2\/media?parent=24330"}],"wp:term":[{"taxonomy":"category","embeddable":true,"href":"https:\/\/www.magali-willems.com\/en\/wp-json\/wp\/v2\/categories?post=24330"},{"taxonomy":"post_tag","embeddable":true,"href":"https:\/\/www.magali-willems.com\/en\/wp-json\/wp\/v2\/tags?post=24330"}],"curies":[{"name":"wp","href":"https:\/\/api.w.org\/{rel}","templated":true}]}}