{"id":24189,"date":"2023-12-15T17:10:14","date_gmt":"2023-12-15T16:10:14","guid":{"rendered":"https:\/\/www.magali-willems.com\/?p=24189"},"modified":"2024-05-05T15:03:09","modified_gmt":"2024-05-05T13:03:09","slug":"medaille-de-bronze-arts-sciences-et-lettres","status":"publish","type":"post","link":"https:\/\/www.magali-willems.com\/en\/medaille-de-bronze-arts-sciences-et-lettres\/","title":{"rendered":"(Fran\u00e7ais) MEDAILLE DE BRONZE &#8211; ARTS SCIENCES ET LETTRES"},"content":{"rendered":"<p>[vc_row][vc_column][vc_column_text]Le 14 Octobre 2023 se tenait la c\u00e9r\u00e9monie officielle de l&#8217;<a href=\"https:\/\/www.arts-sciences-lettres.fr\/presentation-arts-sciences-lettres\">Acad\u00e9mie des Arts &#8211; Sciences et Lettres<\/a> dans le tr\u00e8s prestigieux <a href=\"https:\/\/parislegrand.intercontinental.com\/fr\/\">H\u00f4tel Intercontinental Paris Le Grand<\/a> \u00e0 c\u00f4t\u00e9 de notre magnifique <a href=\"https:\/\/www.operadeparis.fr\/visites\/palais-garnier\">Op\u00e9ra Garnier<\/a>.<\/p>\n<p>Inaugur\u00e9 en 1862 sous Napol\u00e9on III, l\u2019h\u00f4tel 5 \u00e9toiles est un \u00e9crin d\u2019histoire de l\u2019art de vivre \u00e0 la fran\u00e7aise dans un somptueux d\u00e9cor Second Empire.<\/p>\n<p>Dans cette rotonde impressionnante par son architecture aux multiples reflets de lumi\u00e8res et sculptures, la c\u00e9r\u00e9monie tr\u00e8s belle nous a permis d&#8217;y ressentir combien elle est \u00e9galement adapt\u00e9e aux interm\u00e8des musicaux par ses qualit\u00e9s accoustiques.<\/p>\n<p>J&#8217;ai eu l&#8217;honneur et le plaisir de me voir remettre la m\u00e9daille de bronze, une jolie r\u00e9compense sur un chemin d&#8217;apprentissage o\u00f9 l&#8217;humilit\u00e9 est toujours de mise .<\/p>\n<p>Merci au Pr\u00e9sident Monsieur G\u00e9rard Gayet, au conseil d&#8217;administration, aux membres de la commission des r\u00e9compenses \u00a0et promotions pour cela.[\/vc_column_text][vc_single_image image=&#8221;24199&#8243;][\/vc_column][\/vc_row][vc_row][vc_column][vc_gallery interval=&#8221;3&#8243; images=&#8221;24202,24200,24199,24198,24203&#8243;][\/vc_column][\/vc_row]<\/p>","protected":false},"excerpt":{"rendered":"<p>[vc_row][vc_column][vc_column_text]Le 14 Octobre 2023 se tenait la c\u00e9r\u00e9monie officielle de l&#8217;Acad\u00e9mie des Arts &#8211; Sciences et Lettres dans le tr\u00e8s prestigieux H\u00f4tel Intercontinental Paris Le Grand \u00e0 c\u00f4t\u00e9 de notre magnifique Op\u00e9ra Garnier. Inaugur\u00e9 en 1862 sous Napol\u00e9on III, l\u2019h\u00f4tel 5 \u00e9toiles est un \u00e9crin d\u2019histoire de l\u2019art de vivre \u00e0 la fran\u00e7aise dans un [&hellip;]<\/p>\n","protected":false},"author":3665,"featured_media":24203,"comment_status":"closed","ping_status":"closed","sticky":false,"template":"","format":"standard","meta":{"_exactmetrics_skip_tracking":false,"_exactmetrics_sitenote_active":false,"_exactmetrics_sitenote_note":"","_exactmetrics_sitenote_category":0,"_vp_format_video_url":"","_vp_image_focal_point":[]},"categories":[7],"tags":[],"aioseo_notices":[],"_links":{"self":[{"href":"https:\/\/www.magali-willems.com\/en\/wp-json\/wp\/v2\/posts\/24189"}],"collection":[{"href":"https:\/\/www.magali-willems.com\/en\/wp-json\/wp\/v2\/posts"}],"about":[{"href":"https:\/\/www.magali-willems.com\/en\/wp-json\/wp\/v2\/types\/post"}],"author":[{"embeddable":true,"href":"https:\/\/www.magali-willems.com\/en\/wp-json\/wp\/v2\/users\/3665"}],"replies":[{"embeddable":true,"href":"https:\/\/www.magali-willems.com\/en\/wp-json\/wp\/v2\/comments?post=24189"}],"version-history":[{"count":7,"href":"https:\/\/www.magali-willems.com\/en\/wp-json\/wp\/v2\/posts\/24189\/revisions"}],"predecessor-version":[{"id":24209,"href":"https:\/\/www.magali-willems.com\/en\/wp-json\/wp\/v2\/posts\/24189\/revisions\/24209"}],"wp:featuredmedia":[{"embeddable":true,"href":"https:\/\/www.magali-willems.com\/en\/wp-json\/wp\/v2\/media\/24203"}],"wp:attachment":[{"href":"https:\/\/www.magali-willems.com\/en\/wp-json\/wp\/v2\/media?parent=24189"}],"wp:term":[{"taxonomy":"category","embeddable":true,"href":"https:\/\/www.magali-willems.com\/en\/wp-json\/wp\/v2\/categories?post=24189"},{"taxonomy":"post_tag","embeddable":true,"href":"https:\/\/www.magali-willems.com\/en\/wp-json\/wp\/v2\/tags?post=24189"}],"curies":[{"name":"wp","href":"https:\/\/api.w.org\/{rel}","templated":true}]}}