{"id":24036,"date":"2023-07-12T08:12:29","date_gmt":"2023-07-12T06:12:29","guid":{"rendered":"https:\/\/www.magali-willems.com\/?p=24036"},"modified":"2023-12-14T07:33:12","modified_gmt":"2023-12-14T06:33:12","slug":"la-petite-galerie-auray","status":"publish","type":"post","link":"https:\/\/www.magali-willems.com\/en\/la-petite-galerie-auray\/","title":{"rendered":"La Petite Galerie \u00e0 Auray &#8211; St Goustan"},"content":{"rendered":"<p>[vc_row][vc_column][vc_column_text]<a href=\"https:\/\/goo.gl\/maps\/VX7FQxozxemnHrXB7\">La Petite Galerie \u00e0 Auray-St Goustan<\/a> cet \u00e9t\u00e9 vous invite \u00e0 d\u00e9couvrir un univers de voyages et de f\u00e9minit\u00e9s l\u00e9g\u00e8res au travers de sculptures en bronze et techniques mixtes. Rencontrez l&#8217;artiste pr\u00e9sente dans sur place.<\/p>\n<p>A Auray, tout en bas de la rue du Ch\u00e2teau, tournez \u00e0 gauche et vous voil\u00e0 devant la Petite Galerie au 28 Rue Philippe Vannier.<\/p>\n<p>Ce b\u00e2timent du XVI\u00e8me si\u00e8cle fut un ancien relais poste donnant sur le square CASTELBAR \u00e0 la place duquel existaient les \u00e9curies.<\/p>\n<p>Auray, St Goustan comment ne pas se laisser tenter par une escapade au bord de l&#8217;eau&#8230; ?<\/p>\n<p>Dans ce que l&#8217;on nomme &#8220;le Pavillon d&#8217;en bas&#8221; aux beaux colombages, je vous invite \u00e0 d\u00e9couvrir les sculptures en bronze et en techniques mixtes r\u00e9alis\u00e9es dans mon atelier \u00e0 \u00a0Meucon petite commune du Morbihan \u00e0 quelques minutes de Vannes.<\/p>\n<p>De nombreux artistes se sont laisser happer par les ondes lumineuses de ce lieu et y ont pos\u00e9 leurs toiles, leurs cr\u00e9ations les plus originales et les plus diverses. Comment y \u00e9chapper ?<\/p>\n<p>Cette petite invitation \u00e0 humer les parfums artistiques du Golfe du Morbihan est pour vous !<\/p>\n<p>Pr\u00e9sente pour r\u00e9pondre \u00e0 vos questions, vous d\u00e9couvrirez avec l&#8217;artiste un univers de cr\u00e9ativit\u00e9 agr\u00e9ment\u00e9 d&#8217;explications sur la technique de la cire perdue et bien s\u00fbr des sculptures et photos \u00e0 emporter &#8230; en cas de coup de coeur.[\/vc_column_text][\/vc_column][\/vc_row][vc_row][vc_column][vc_gallery interval=&#8221;3&#8243; images=&#8221;23954&#8243;][\/vc_column][\/vc_row]<\/p>","protected":false},"excerpt":{"rendered":"<p class=\"qtranxs-available-languages-message qtranxs-available-languages-message-en\">Sorry, this entry is only available in <a href=\"https:\/\/www.magali-willems.com\/fr\/wp-json\/wp\/v2\/posts\/24036\" class=\"qtranxs-available-language-link qtranxs-available-language-link-fr\" title=\"Fran\u00e7ais\">French<\/a>.<\/p>\n","protected":false},"author":3665,"featured_media":24068,"comment_status":"closed","ping_status":"open","sticky":false,"template":"","format":"standard","meta":{"_exactmetrics_skip_tracking":false,"_exactmetrics_sitenote_active":false,"_exactmetrics_sitenote_note":"","_exactmetrics_sitenote_category":0,"_vp_format_video_url":"","_vp_image_focal_point":[]},"categories":[7],"tags":[102,50,101],"aioseo_notices":[],"_links":{"self":[{"href":"https:\/\/www.magali-willems.com\/en\/wp-json\/wp\/v2\/posts\/24036"}],"collection":[{"href":"https:\/\/www.magali-willems.com\/en\/wp-json\/wp\/v2\/posts"}],"about":[{"href":"https:\/\/www.magali-willems.com\/en\/wp-json\/wp\/v2\/types\/post"}],"author":[{"embeddable":true,"href":"https:\/\/www.magali-willems.com\/en\/wp-json\/wp\/v2\/users\/3665"}],"replies":[{"embeddable":true,"href":"https:\/\/www.magali-willems.com\/en\/wp-json\/wp\/v2\/comments?post=24036"}],"version-history":[{"count":20,"href":"https:\/\/www.magali-willems.com\/en\/wp-json\/wp\/v2\/posts\/24036\/revisions"}],"predecessor-version":[{"id":24097,"href":"https:\/\/www.magali-willems.com\/en\/wp-json\/wp\/v2\/posts\/24036\/revisions\/24097"}],"wp:featuredmedia":[{"embeddable":true,"href":"https:\/\/www.magali-willems.com\/en\/wp-json\/wp\/v2\/media\/24068"}],"wp:attachment":[{"href":"https:\/\/www.magali-willems.com\/en\/wp-json\/wp\/v2\/media?parent=24036"}],"wp:term":[{"taxonomy":"category","embeddable":true,"href":"https:\/\/www.magali-willems.com\/en\/wp-json\/wp\/v2\/categories?post=24036"},{"taxonomy":"post_tag","embeddable":true,"href":"https:\/\/www.magali-willems.com\/en\/wp-json\/wp\/v2\/tags?post=24036"}],"curies":[{"name":"wp","href":"https:\/\/api.w.org\/{rel}","templated":true}]}}