{"id":23947,"date":"2023-02-17T12:30:09","date_gmt":"2023-02-17T11:30:09","guid":{"rendered":"https:\/\/www.magali-willems.com\/?p=23947"},"modified":"2024-05-05T15:04:40","modified_gmt":"2024-05-05T13:04:40","slug":"espace-giacomini-sartene-corse","status":"publish","type":"post","link":"https:\/\/www.magali-willems.com\/en\/espace-giacomini-sartene-corse\/","title":{"rendered":"Espace GIACOMINI &#8211; SARTENE &#8211; CORSE"},"content":{"rendered":"<p>[vc_row][vc_column][vc_column_text]ESPACE GIACOMINI &#8211; SARTENE &#8211; CORSE<\/p>\n<p>Ce lieu charg\u00e9 d&#8217;historique f\u00eate ses 130 ans cette ann\u00e9e.<\/p>\n<p><a href=\"https:\/\/fr.wikipedia.org\/wiki\/Prosper_M\u00e9rim\u00e9e\">Prosper M\u00e9rim\u00e9e <\/a>disait de Sart\u00e8ne : &#8220;la plus corse des villes corse&#8221; . Elle se trouve \u00e0 moins d\u2019une heure de Bonifacio.<\/p>\n<p><a href=\"https:\/\/www.magali-willems.com\/fr\/creations-bronze-bretagne\/\">Mes sculptures<\/a>\u00a0sont expos\u00e9es dans ce lieu extraordinaire. En effet, l&#8217;Espace Giacomini c&#8217;est une histoire familiale particuli\u00e8re. Ne faut-il pas \u00eatre anim\u00e9 par la passion pour r\u00e9aliser, animer et faire vivre un tel endroit ?<\/p>\n<p>Voici <a href=\"https:\/\/www.journaldelacorse.corsica\/articles\/1337\/sartene-espace-giacomini\">un extrait paru dans le journal de la Corse <\/a> qui relate l&#8217;histoire de ce lieu si particulier :<br \/>\n&#8220;Tout a d\u00e9but\u00e9 en 1893 avec le grand-p\u00e8re dans un style diff\u00e9rent. Celui dernier avait ouvert une quincaillerie bien pratique pour l\u2019\u00e9poque o\u00f9 le r\u00e9seau routier isolait les populations. Des camelots passaient parfois de fa\u00e7on \u00e9pisodique et Ajaccio \u00e9tait tr\u00e8s \u00e9loign\u00e9e. Quelques ann\u00e9es plus tard \u00ab Le Trianon \u00bb 1000 m\u00b2 de surface situ\u00e9 en face est mis en vente.<\/p>\n<p>Le grand-p\u00e8re se porte acqu\u00e9reur et un magasin sur trois niveaux voit le jour avec Rez.de.C, entresol et une s\u00e9rie de plusieurs caves. Jean-Fran\u00e7ois a travaill\u00e9 une quinzaine d\u2019ann\u00e9es dans ce grand Magasin G\u00e9n\u00e9ral heureux de cr\u00e9er des liens avec les clients, c\u2019est un homme de contact, de douceur qui appr\u00e9cie les \u00e9changes. A l\u2019\u00e9poque le Trianon \u00e9tait un bel \u00e9tablissement culturel qui donnait des soir\u00e9es spectacles et beaucoup d\u2019artistes c\u00e9l\u00e8bres s\u2019y sont produits dont Jos\u00e9phine Baker.<\/p>\n<p>En reprenant le site la famille Giacomini conserve les vestiges du Trianon, les fresques, l\u2019escalier en fer dont toutes les pi\u00e8ces s\u2019embo\u00eetent fabriqu\u00e9 \u00e0 Maubeuge\u2026 &#8221;<\/p>\n<p>Amis Corses, passionn\u00e9s et anim\u00e9s par la beaut\u00e9 qui vous entoure, je suis fi\u00e8re et heureuse de retrouver cette partie de <a href=\"https:\/\/www.calanquedepiana.fr\/village-piana\/\">mes racines <\/a>![\/vc_column_text][\/vc_column][\/vc_row][vc_row][vc_column][vc_gallery interval=&#8221;3&#8243; images=&#8221;23954,23957,23953,23952,23951,23956,23958,23965,23963,23960,23959,23950,23949,23948&#8243;][\/vc_column][\/vc_row]<\/p>","protected":false},"excerpt":{"rendered":"<p class=\"qtranxs-available-languages-message qtranxs-available-languages-message-en\">Sorry, this entry is only available in <a href=\"https:\/\/www.magali-willems.com\/fr\/wp-json\/wp\/v2\/posts\/23947\" class=\"qtranxs-available-language-link qtranxs-available-language-link-fr\" title=\"Fran\u00e7ais\">French<\/a>.<\/p>\n","protected":false},"author":3665,"featured_media":23959,"comment_status":"closed","ping_status":"open","sticky":false,"template":"","format":"standard","meta":{"_exactmetrics_skip_tracking":false,"_exactmetrics_sitenote_active":false,"_exactmetrics_sitenote_note":"","_exactmetrics_sitenote_category":0,"_vp_format_video_url":"","_vp_image_focal_point":[]},"categories":[7],"tags":[102,294,50,101],"aioseo_notices":[],"_links":{"self":[{"href":"https:\/\/www.magali-willems.com\/en\/wp-json\/wp\/v2\/posts\/23947"}],"collection":[{"href":"https:\/\/www.magali-willems.com\/en\/wp-json\/wp\/v2\/posts"}],"about":[{"href":"https:\/\/www.magali-willems.com\/en\/wp-json\/wp\/v2\/types\/post"}],"author":[{"embeddable":true,"href":"https:\/\/www.magali-willems.com\/en\/wp-json\/wp\/v2\/users\/3665"}],"replies":[{"embeddable":true,"href":"https:\/\/www.magali-willems.com\/en\/wp-json\/wp\/v2\/comments?post=23947"}],"version-history":[{"count":9,"href":"https:\/\/www.magali-willems.com\/en\/wp-json\/wp\/v2\/posts\/23947\/revisions"}],"predecessor-version":[{"id":24132,"href":"https:\/\/www.magali-willems.com\/en\/wp-json\/wp\/v2\/posts\/23947\/revisions\/24132"}],"wp:featuredmedia":[{"embeddable":true,"href":"https:\/\/www.magali-willems.com\/en\/wp-json\/wp\/v2\/media\/23959"}],"wp:attachment":[{"href":"https:\/\/www.magali-willems.com\/en\/wp-json\/wp\/v2\/media?parent=23947"}],"wp:term":[{"taxonomy":"category","embeddable":true,"href":"https:\/\/www.magali-willems.com\/en\/wp-json\/wp\/v2\/categories?post=23947"},{"taxonomy":"post_tag","embeddable":true,"href":"https:\/\/www.magali-willems.com\/en\/wp-json\/wp\/v2\/tags?post=23947"}],"curies":[{"name":"wp","href":"https:\/\/api.w.org\/{rel}","templated":true}]}}