{"id":23396,"date":"2020-09-10T07:24:05","date_gmt":"2020-09-10T05:24:05","guid":{"rendered":"https:\/\/www.magali-willems.com\/?p=23396"},"modified":"2022-08-05T05:18:10","modified_gmt":"2022-08-05T03:18:10","slug":"bruges-exposition-dart","status":"publish","type":"post","link":"https:\/\/www.magali-willems.com\/en\/bruges-exposition-dart\/","title":{"rendered":"BRUGES 2020"},"content":{"rendered":"<p>[vc_row][vc_column][vc_column_text]Un grand Merci \u00e0 <a href=\"https:\/\/www.allart-boquetmartine.com\/\">Martine Allart-Bocquet<\/a>, dans ce contexte si d\u00e9licat, d&#8217;avoir organis\u00e9 une si belle exposition au Beffroi de Bruges, la petite Venise du Nord si bien nomm\u00e9e.<\/p>\n<p>Une salle magnifique avec des lumi\u00e8res naturelles superbes et tant de talents expos\u00e9s pour tous les go\u00fbts, de France comme de Belgique et d&#8217;ailleurs. Les peintures, aquarelles, sculptures et <a href=\"https:\/\/www.magali-willems.com\/fr\/creations-bronze-bretagne\/\">bronzes<\/a> ont trouv\u00e9 leur place dans cette belle lumi\u00e8re.<\/p>\n<p>Malgr\u00e9 les contraintes sanitaires, le public attentif, tr\u00e8s int\u00e9ress\u00e9 et heureux de d\u00e9couvrir les oeuvres expos\u00e9es, nous a permis de nous conforter dans l&#8217;importance de cr\u00e9er, d&#8217;exposer, de toujours croire en l&#8217;Art quelques soient les moments de la vie.<\/p>\n<p>Vivement la prochaine exposition ![\/vc_column_text][\/vc_column][\/vc_row][vc_row][vc_column][vc_gallery interval=&#8221;3&#8243; images=&#8221;23403,23402,23398,23400,23406,23405,23404,23401,23397&#8243;][\/vc_column][\/vc_row]<\/p>","protected":false},"excerpt":{"rendered":"<p>[vc_row][vc_column][vc_column_text]Un grand Merci \u00e0 Martine Allart-Bocquet, dans ce contexte si d\u00e9licat, d&#8217;avoir organis\u00e9 une si belle exposition au Beffroi de Bruges, la petite Venise du Nord si bien nomm\u00e9e. Une salle magnifique avec des lumi\u00e8res naturelles superbes et tant de talents expos\u00e9s pour tous les go\u00fbts, de France comme de Belgique et d&#8217;ailleurs. Les peintures, [&hellip;]<\/p>\n","protected":false},"author":3665,"featured_media":23399,"comment_status":"closed","ping_status":"open","sticky":false,"template":"","format":"standard","meta":{"_exactmetrics_skip_tracking":false,"_exactmetrics_sitenote_active":false,"_exactmetrics_sitenote_note":"","_exactmetrics_sitenote_category":0,"_vp_format_video_url":"","_vp_image_focal_point":[]},"categories":[7],"tags":[102,50,101],"aioseo_notices":[],"_links":{"self":[{"href":"https:\/\/www.magali-willems.com\/en\/wp-json\/wp\/v2\/posts\/23396"}],"collection":[{"href":"https:\/\/www.magali-willems.com\/en\/wp-json\/wp\/v2\/posts"}],"about":[{"href":"https:\/\/www.magali-willems.com\/en\/wp-json\/wp\/v2\/types\/post"}],"author":[{"embeddable":true,"href":"https:\/\/www.magali-willems.com\/en\/wp-json\/wp\/v2\/users\/3665"}],"replies":[{"embeddable":true,"href":"https:\/\/www.magali-willems.com\/en\/wp-json\/wp\/v2\/comments?post=23396"}],"version-history":[{"count":7,"href":"https:\/\/www.magali-willems.com\/en\/wp-json\/wp\/v2\/posts\/23396\/revisions"}],"predecessor-version":[{"id":23713,"href":"https:\/\/www.magali-willems.com\/en\/wp-json\/wp\/v2\/posts\/23396\/revisions\/23713"}],"wp:featuredmedia":[{"embeddable":true,"href":"https:\/\/www.magali-willems.com\/en\/wp-json\/wp\/v2\/media\/23399"}],"wp:attachment":[{"href":"https:\/\/www.magali-willems.com\/en\/wp-json\/wp\/v2\/media?parent=23396"}],"wp:term":[{"taxonomy":"category","embeddable":true,"href":"https:\/\/www.magali-willems.com\/en\/wp-json\/wp\/v2\/categories?post=23396"},{"taxonomy":"post_tag","embeddable":true,"href":"https:\/\/www.magali-willems.com\/en\/wp-json\/wp\/v2\/tags?post=23396"}],"curies":[{"name":"wp","href":"https:\/\/api.w.org\/{rel}","templated":true}]}}