{"id":23385,"date":"2020-08-27T21:55:42","date_gmt":"2020-08-27T19:55:42","guid":{"rendered":"https:\/\/www.magali-willems.com\/?p=23385"},"modified":"2023-12-13T22:57:01","modified_gmt":"2023-12-13T21:57:01","slug":"17eme-salon-europeen-bruges","status":"publish","type":"post","link":"https:\/\/www.magali-willems.com\/en\/17eme-salon-europeen-bruges\/","title":{"rendered":"17\u00e8me Salon Europ\u00e9en \u00e0 Bruges"},"content":{"rendered":"<p>[vc_row][vc_column][vc_column_text]A l&#8217;occasion du 17\u00e8me salon Europ\u00e9en des Arts Plastiques \u00e0 Bruges (Belgique)<\/p>\n<p>J&#8217;aurai grand plaisir \u00e0 vous pr\u00e9senter mes sculptures expos\u00e9es<\/p>\n<p>du 28 Ao\u00fbt au 31 Ao\u00fbt 2020 de 10 heures \u00e0 18 heures\u00a0 &#8211;<\/p>\n<p>au Beffroi de Bruges, dans un espace historique tr\u00e8s vaste et lumineux<\/p>\n<p>Le Beffroi de Bruges se visite.\u00a0 Vous pourrez d\u00e9couvrir son carillon apr\u00e8s avoir mont\u00e9 les 366 marches qui vous m\u00e8nent aussi \u00e0 une vue splendide.<\/p>\n<p>Pour vous rendre au Beffroi cliquez <a href=\"https:\/\/www.google.fr\/maps\/place\/Beffroi+de+Bruges\/@51.2081499,3.2226124,17z\/data=!3m1!4b1!4m5!3m4!1s0x47c350daa9690e8b:0x69546ff963bd8158!8m2!3d51.2081466!4d3.2248011\">ici<\/a>[\/vc_column_text][\/vc_column][\/vc_row][vc_row][vc_column][vc_gallery interval=&#8221;3&#8243; images=&#8221;23386,23389,23390,23391,23388&#8243;][\/vc_column][\/vc_row]<\/p>","protected":false},"excerpt":{"rendered":"<p>[vc_row][vc_column][vc_column_text]A l&#8217;occasion du 17\u00e8me salon Europ\u00e9en des Arts Plastiques \u00e0 Bruges (Belgique) J&#8217;aurai grand plaisir \u00e0 vous pr\u00e9senter mes sculptures expos\u00e9es du 28 Ao\u00fbt au 31 Ao\u00fbt 2020 de 10 heures \u00e0 18 heures\u00a0 &#8211; au Beffroi de Bruges, dans un espace historique tr\u00e8s vaste et lumineux Le Beffroi de Bruges se visite.\u00a0 Vous pourrez [&hellip;]<\/p>\n","protected":false},"author":3665,"featured_media":23386,"comment_status":"closed","ping_status":"open","sticky":false,"template":"","format":"standard","meta":{"_exactmetrics_skip_tracking":false,"_exactmetrics_sitenote_active":false,"_exactmetrics_sitenote_note":"","_exactmetrics_sitenote_category":0,"_vp_format_video_url":"","_vp_image_focal_point":[]},"categories":[7],"tags":[102,50,101],"aioseo_notices":[],"_links":{"self":[{"href":"https:\/\/www.magali-willems.com\/en\/wp-json\/wp\/v2\/posts\/23385"}],"collection":[{"href":"https:\/\/www.magali-willems.com\/en\/wp-json\/wp\/v2\/posts"}],"about":[{"href":"https:\/\/www.magali-willems.com\/en\/wp-json\/wp\/v2\/types\/post"}],"author":[{"embeddable":true,"href":"https:\/\/www.magali-willems.com\/en\/wp-json\/wp\/v2\/users\/3665"}],"replies":[{"embeddable":true,"href":"https:\/\/www.magali-willems.com\/en\/wp-json\/wp\/v2\/comments?post=23385"}],"version-history":[{"count":8,"href":"https:\/\/www.magali-willems.com\/en\/wp-json\/wp\/v2\/posts\/23385\/revisions"}],"predecessor-version":[{"id":24137,"href":"https:\/\/www.magali-willems.com\/en\/wp-json\/wp\/v2\/posts\/23385\/revisions\/24137"}],"wp:featuredmedia":[{"embeddable":true,"href":"https:\/\/www.magali-willems.com\/en\/wp-json\/wp\/v2\/media\/23386"}],"wp:attachment":[{"href":"https:\/\/www.magali-willems.com\/en\/wp-json\/wp\/v2\/media?parent=23385"}],"wp:term":[{"taxonomy":"category","embeddable":true,"href":"https:\/\/www.magali-willems.com\/en\/wp-json\/wp\/v2\/categories?post=23385"},{"taxonomy":"post_tag","embeddable":true,"href":"https:\/\/www.magali-willems.com\/en\/wp-json\/wp\/v2\/tags?post=23385"}],"curies":[{"name":"wp","href":"https:\/\/api.w.org\/{rel}","templated":true}]}}