{"id":23352,"date":"2020-07-20T16:37:51","date_gmt":"2020-07-20T14:37:51","guid":{"rendered":"https:\/\/www.magali-willems.com\/?p=23352"},"modified":"2020-07-20T17:30:21","modified_gmt":"2020-07-20T15:30:21","slug":"invitee-coup-de-coeur-arras-en-lavedan","status":"publish","type":"post","link":"https:\/\/www.magali-willems.com\/en\/invitee-coup-de-coeur-arras-en-lavedan\/","title":{"rendered":"Invit\u00e9e \u00ab coup de coeur \u00bb Arras-en-Lavedan"},"content":{"rendered":"<p>[vc_row][vc_column][vc_column_text]L&#8217;Abbadiale &#8211; Maison des Arts de <a href=\"https:\/\/www.arrasenlavedan.fr\/\">Arras-en-Lavedan<\/a><\/p>\n<p>J&#8217;aurai grand plaisir \u00e0 vous pr\u00e9senter mes sculptures expos\u00e9es du 27 Juillet au 9 Ao\u00fbt.<\/p>\n<p>Pour vous rendre \u00e0 la Maison des Arts- <a href=\"http:\/\/www.abbadiale.fr\/association\/venir-a-la-maison-des-arts\/\">cliquez sur le lien.<\/a><\/p>\n<p><img decoding=\"async\" loading=\"lazy\" class=\"alignnone size-medium wp-image-23360\" src=\"https:\/\/www.magali-willems.com\/wp-content\/uploads\/2020\/07\/abbadiale-web-744x516.jpg\" alt=\"invitation expo abbadiale\" width=\"744\" height=\"516\" srcset=\"https:\/\/www.magali-willems.com\/wp-content\/uploads\/2020\/07\/abbadiale-web-744x516.jpg 744w, https:\/\/www.magali-willems.com\/wp-content\/uploads\/2020\/07\/abbadiale-web-420x291.jpg 420w, https:\/\/www.magali-willems.com\/wp-content\/uploads\/2020\/07\/abbadiale-web-768x532.jpg 768w, https:\/\/www.magali-willems.com\/wp-content\/uploads\/2020\/07\/abbadiale-web-500x347.jpg 500w, https:\/\/www.magali-willems.com\/wp-content\/uploads\/2020\/07\/abbadiale-web-800x554.jpg 800w, https:\/\/www.magali-willems.com\/wp-content\/uploads\/2020\/07\/abbadiale-web-24x17.jpg 24w, https:\/\/www.magali-willems.com\/wp-content\/uploads\/2020\/07\/abbadiale-web-36x25.jpg 36w, https:\/\/www.magali-willems.com\/wp-content\/uploads\/2020\/07\/abbadiale-web-48x33.jpg 48w, https:\/\/www.magali-willems.com\/wp-content\/uploads\/2020\/07\/abbadiale-web.jpg 847w\" sizes=\"(max-width: 744px) 100vw, 744px\" \/>[\/vc_column_text][\/vc_column][\/vc_row]<\/p>","protected":false},"excerpt":{"rendered":"<p>[vc_row][vc_column][vc_column_text]L&#8217;Abbadiale &#8211; Maison des Arts de Arras-en-Lavedan J&#8217;aurai grand plaisir \u00e0 vous pr\u00e9senter mes sculptures expos\u00e9es du 27 Juillet au 9 Ao\u00fbt. Pour vous rendre \u00e0 la Maison des Arts- cliquez sur le lien. [\/vc_column_text][\/vc_column][\/vc_row]<\/p>\n","protected":false},"author":3665,"featured_media":23357,"comment_status":"closed","ping_status":"open","sticky":false,"template":"","format":"standard","meta":{"_exactmetrics_skip_tracking":false,"_exactmetrics_sitenote_active":false,"_exactmetrics_sitenote_note":"","_exactmetrics_sitenote_category":0,"_vp_format_video_url":"","_vp_image_focal_point":[]},"categories":[7],"tags":[102,50,101],"aioseo_notices":[],"_links":{"self":[{"href":"https:\/\/www.magali-willems.com\/en\/wp-json\/wp\/v2\/posts\/23352"}],"collection":[{"href":"https:\/\/www.magali-willems.com\/en\/wp-json\/wp\/v2\/posts"}],"about":[{"href":"https:\/\/www.magali-willems.com\/en\/wp-json\/wp\/v2\/types\/post"}],"author":[{"embeddable":true,"href":"https:\/\/www.magali-willems.com\/en\/wp-json\/wp\/v2\/users\/3665"}],"replies":[{"embeddable":true,"href":"https:\/\/www.magali-willems.com\/en\/wp-json\/wp\/v2\/comments?post=23352"}],"version-history":[{"count":8,"href":"https:\/\/www.magali-willems.com\/en\/wp-json\/wp\/v2\/posts\/23352\/revisions"}],"predecessor-version":[{"id":23367,"href":"https:\/\/www.magali-willems.com\/en\/wp-json\/wp\/v2\/posts\/23352\/revisions\/23367"}],"wp:featuredmedia":[{"embeddable":true,"href":"https:\/\/www.magali-willems.com\/en\/wp-json\/wp\/v2\/media\/23357"}],"wp:attachment":[{"href":"https:\/\/www.magali-willems.com\/en\/wp-json\/wp\/v2\/media?parent=23352"}],"wp:term":[{"taxonomy":"category","embeddable":true,"href":"https:\/\/www.magali-willems.com\/en\/wp-json\/wp\/v2\/categories?post=23352"},{"taxonomy":"post_tag","embeddable":true,"href":"https:\/\/www.magali-willems.com\/en\/wp-json\/wp\/v2\/tags?post=23352"}],"curies":[{"name":"wp","href":"https:\/\/api.w.org\/{rel}","templated":true}]}}