{"id":19454,"date":"2017-08-08T21:10:58","date_gmt":"2017-08-08T19:10:58","guid":{"rendered":"http:\/\/www.magali-willems.com\/?p=19454"},"modified":"2019-04-11T21:14:13","modified_gmt":"2019-04-11T19:14:13","slug":"camaret-histoire-sculpture-bronze-sur-bois","status":"publish","type":"post","link":"https:\/\/www.magali-willems.com\/en\/camaret-histoire-sculpture-bronze-sur-bois\/","title":{"rendered":"Camaret : Histoire d&#8217;une sculpture bronze &#038; bois"},"content":{"rendered":"<p>J&#8217;ai voulu vous raconter ici, l&#8217;histoire de la cr\u00e9ation de ma sculpture &#8220;Camaret&#8221;.<\/p>\n<p><img decoding=\"async\" loading=\"lazy\" class=\"alignnone wp-image-19458\" src=\"http:\/\/www.magali-willems.com\/wp-content\/uploads\/2017\/07\/DSC_0144-800x533web-signe-420x280.jpg\" alt=\"\" width=\"246\" height=\"164\" srcset=\"https:\/\/www.magali-willems.com\/wp-content\/uploads\/2017\/07\/DSC_0144-800x533web-signe-420x280.jpg 420w, https:\/\/www.magali-willems.com\/wp-content\/uploads\/2017\/07\/DSC_0144-800x533web-signe-570x380.jpg 570w, https:\/\/www.magali-willems.com\/wp-content\/uploads\/2017\/07\/DSC_0144-800x533web-signe-744x496.jpg 744w, https:\/\/www.magali-willems.com\/wp-content\/uploads\/2017\/07\/DSC_0144-800x533web-signe-768x512.jpg 768w, https:\/\/www.magali-willems.com\/wp-content\/uploads\/2017\/07\/DSC_0144-800x533web-signe.jpg 800w\" sizes=\"(max-width: 246px) 100vw, 246px\" \/>\u00a0\u00a0<img decoding=\"async\" loading=\"lazy\" class=\"alignnone wp-image-19459\" src=\"http:\/\/www.magali-willems.com\/wp-content\/uploads\/2017\/07\/DSC_0163-800x533-web-sign\u00e9-420x280.jpg\" alt=\"\" width=\"247\" height=\"164\" srcset=\"https:\/\/www.magali-willems.com\/wp-content\/uploads\/2017\/07\/DSC_0163-800x533-web-sign\u00e9-420x280.jpg 420w, https:\/\/www.magali-willems.com\/wp-content\/uploads\/2017\/07\/DSC_0163-800x533-web-sign\u00e9-570x380.jpg 570w, https:\/\/www.magali-willems.com\/wp-content\/uploads\/2017\/07\/DSC_0163-800x533-web-sign\u00e9-744x496.jpg 744w, https:\/\/www.magali-willems.com\/wp-content\/uploads\/2017\/07\/DSC_0163-800x533-web-sign\u00e9-768x512.jpg 768w, https:\/\/www.magali-willems.com\/wp-content\/uploads\/2017\/07\/DSC_0163-800x533-web-sign\u00e9.jpg 800w\" sizes=\"(max-width: 247px) 100vw, 247px\" \/><\/p>\n<p>Camaret est un lieu magique que j&#8217;ai d\u00e9couvert il y a peu de temps. J&#8217;ai \u00e9t\u00e9 fascin\u00e9e par ces bateaux \u00e9chou\u00e9s l\u00e0 et je les ai photographi\u00e9s.<br \/>\nT\u00e9moins d&#8217;un pass\u00e9 encore presque pr\u00e9sent, on devine leurs jolies couleurs d&#8217;avant, la vie des marins, tous ces voyages qu&#8217;ils ont pu faire, une porte ouverte \u00e0 toute notre imagination.<\/p>\n<p>J&#8217;ai aussi pens\u00e9 \u00e0 la chanson d&#8217;Yves Duteil &#8211;<br \/>\n&#8220;Quand les bateaux reviennent, ils restent sur leurs flancs, des lambeaux d\u00e9cevants du vent qui les entra\u00eene&#8230;&#8221;<\/p>\n<p><img decoding=\"async\" loading=\"lazy\" class=\"alignnone wp-image-19460\" src=\"http:\/\/www.magali-willems.com\/wp-content\/uploads\/2017\/07\/DSC_0164-800x533web-signe-420x280.jpg\" alt=\"\" width=\"284\" height=\"189\" srcset=\"https:\/\/www.magali-willems.com\/wp-content\/uploads\/2017\/07\/DSC_0164-800x533web-signe-420x280.jpg 420w, https:\/\/www.magali-willems.com\/wp-content\/uploads\/2017\/07\/DSC_0164-800x533web-signe-570x380.jpg 570w, https:\/\/www.magali-willems.com\/wp-content\/uploads\/2017\/07\/DSC_0164-800x533web-signe-744x496.jpg 744w, https:\/\/www.magali-willems.com\/wp-content\/uploads\/2017\/07\/DSC_0164-800x533web-signe-768x512.jpg 768w, https:\/\/www.magali-willems.com\/wp-content\/uploads\/2017\/07\/DSC_0164-800x533web-signe.jpg 800w\" sizes=\"(max-width: 284px) 100vw, 284px\" \/>\u00a0\u00a0<img decoding=\"async\" loading=\"lazy\" class=\"alignnone wp-image-19461\" src=\"http:\/\/www.magali-willems.com\/wp-content\/uploads\/2017\/07\/DSC_0167-800x533-web-signe-420x280.jpg\" alt=\"\" width=\"281\" height=\"187\" srcset=\"https:\/\/www.magali-willems.com\/wp-content\/uploads\/2017\/07\/DSC_0167-800x533-web-signe-420x280.jpg 420w, https:\/\/www.magali-willems.com\/wp-content\/uploads\/2017\/07\/DSC_0167-800x533-web-signe-570x380.jpg 570w, https:\/\/www.magali-willems.com\/wp-content\/uploads\/2017\/07\/DSC_0167-800x533-web-signe-744x496.jpg 744w, https:\/\/www.magali-willems.com\/wp-content\/uploads\/2017\/07\/DSC_0167-800x533-web-signe-768x512.jpg 768w, https:\/\/www.magali-willems.com\/wp-content\/uploads\/2017\/07\/DSC_0167-800x533-web-signe.jpg 800w\" sizes=\"(max-width: 281px) 100vw, 281px\" \/><\/p>\n<p>A Camaret, il y a ce m\u00e9lange de pass\u00e9 et de pr\u00e9sent, d&#8217;histoires secr\u00e8tes que ces bateaux ont peut \u00eatre gard\u00e9s dans leurs cales&#8230;<\/p>\n<p>Alors je me suis dit\u00a0:<\/p>\n<p>&#8220;Et si on imaginait qu&#8217;un masque de bronze, petit bout de lumi\u00e8re d&#8217;un carnaval imaginaire, soit devenu une &#8220;fortune de mer&#8221; comme ce morceau de bateau \u00e9chou\u00e9 ? Et si ce masque et ce bois ne faisaient qu&#8217;un ensemble harmonieux dans lequel chacun ouvrirait la porte de l&#8217;histoire de l&#8217;autre pour nous aider \u00e0 r\u00eaver ?&#8221;<\/p>\n<p>Voil\u00e0, j&#8217;esp\u00e8re vous avoir ouvert quelques portes de r\u00eaves, gr\u00e2ce \u00e0 ce joli coin du Finist\u00e8re.<\/p>\n<p>&nbsp;<\/p>\n<div id=\"attachment_19445\" style=\"width: 207px\" class=\"wp-caption aligncenter\"><img aria-describedby=\"caption-attachment-19445\" decoding=\"async\" loading=\"lazy\" class=\" wp-image-19445\" src=\"http:\/\/www.magali-willems.com\/wp-content\/uploads\/2017\/07\/DSC_0483-web-420x530.jpg\" alt=\"\" width=\"197\" height=\"249\" srcset=\"https:\/\/www.magali-willems.com\/wp-content\/uploads\/2017\/07\/DSC_0483-web-420x530.jpg 420w, https:\/\/www.magali-willems.com\/wp-content\/uploads\/2017\/07\/DSC_0483-web.jpg 506w\" sizes=\"(max-width: 197px) 100vw, 197px\" \/><p id=\"caption-attachment-19445\" class=\"wp-caption-text\">Sculpture en bronze sur bois &#8211; socle acier &#8211; cr\u00e9ation unique Magali Willems<\/p><\/div>\n<p>&nbsp;<\/p>\n<p>&nbsp;<\/p>\n<p>&nbsp;<\/p>\n","protected":false},"excerpt":{"rendered":"<p>J&#8217;ai voulu vous raconter ici, l&#8217;histoire de la cr\u00e9ation de ma sculpture &#8220;Camaret&#8221;. \u00a0\u00a0 Camaret est un lieu magique que j&#8217;ai d\u00e9couvert il y a peu de temps. J&#8217;ai \u00e9t\u00e9 fascin\u00e9e par ces bateaux \u00e9chou\u00e9s l\u00e0 et je les ai photographi\u00e9s. T\u00e9moins d&#8217;un pass\u00e9 encore presque pr\u00e9sent, on devine leurs jolies couleurs d&#8217;avant, la vie [&hellip;]<\/p>\n","protected":false},"author":3665,"featured_media":19474,"comment_status":"closed","ping_status":"closed","sticky":false,"template":"","format":"standard","meta":{"_exactmetrics_skip_tracking":false,"_exactmetrics_sitenote_active":false,"_exactmetrics_sitenote_note":"","_exactmetrics_sitenote_category":0,"_vp_format_video_url":"","_vp_image_focal_point":[]},"categories":[7],"tags":[102,108,50,41,101,46,47],"aioseo_notices":[],"_links":{"self":[{"href":"https:\/\/www.magali-willems.com\/en\/wp-json\/wp\/v2\/posts\/19454"}],"collection":[{"href":"https:\/\/www.magali-willems.com\/en\/wp-json\/wp\/v2\/posts"}],"about":[{"href":"https:\/\/www.magali-willems.com\/en\/wp-json\/wp\/v2\/types\/post"}],"author":[{"embeddable":true,"href":"https:\/\/www.magali-willems.com\/en\/wp-json\/wp\/v2\/users\/3665"}],"replies":[{"embeddable":true,"href":"https:\/\/www.magali-willems.com\/en\/wp-json\/wp\/v2\/comments?post=19454"}],"version-history":[{"count":10,"href":"https:\/\/www.magali-willems.com\/en\/wp-json\/wp\/v2\/posts\/19454\/revisions"}],"predecessor-version":[{"id":19473,"href":"https:\/\/www.magali-willems.com\/en\/wp-json\/wp\/v2\/posts\/19454\/revisions\/19473"}],"wp:featuredmedia":[{"embeddable":true,"href":"https:\/\/www.magali-willems.com\/en\/wp-json\/wp\/v2\/media\/19474"}],"wp:attachment":[{"href":"https:\/\/www.magali-willems.com\/en\/wp-json\/wp\/v2\/media?parent=19454"}],"wp:term":[{"taxonomy":"category","embeddable":true,"href":"https:\/\/www.magali-willems.com\/en\/wp-json\/wp\/v2\/categories?post=19454"},{"taxonomy":"post_tag","embeddable":true,"href":"https:\/\/www.magali-willems.com\/en\/wp-json\/wp\/v2\/tags?post=19454"}],"curies":[{"name":"wp","href":"https:\/\/api.w.org\/{rel}","templated":true}]}}