{"id":17575,"date":"2017-01-27T15:05:29","date_gmt":"2017-01-27T14:05:29","guid":{"rendered":"http:\/\/www.magali-willems.com\/?p=17575"},"modified":"2019-04-11T21:14:14","modified_gmt":"2019-04-11T19:14:14","slug":"magali-willems-exposition-baden-journee-des-artisans-createurs-bretons","status":"publish","type":"post","link":"https:\/\/www.magali-willems.com\/en\/magali-willems-exposition-baden-journee-des-artisans-createurs-bretons\/","title":{"rendered":"Exposition &#8211; Avril 2017"},"content":{"rendered":"<p>&#8220;13\u00e8me journ\u00e9e des artisans cr\u00e9ateurs bretons&#8221;<br \/>\nDimanche 9 avril 2017 \u00e0 <a href=\"http:\/\/www.baden.fr\/\" target=\"_blank\" rel=\"noopener noreferrer\">Baden<\/a>, salle Omnisports de 10h \u00e0 19h.<!--more--><\/p>\n<p>\u00a9 baden.fr<br \/>\n<a href=\"http:\/\/www.baden.fr\" target=\"_blank\" rel=\"noopener noreferrer\">http:\/\/www.baden.fr<\/a><br \/>\n\u00a9 google.fr\/maps<br \/>\n<a href=\"https:\/\/www.google.fr\/maps\/place\/Baden\/@47.6058872,-2.9736232,12z\/data=!3m1!4b1!4m5!3m4!1s0x4810105841001145:0x40ca5cd36e2c990!8m2!3d47.619668!4d-2.918284\" target=\"_blank\" rel=\"noopener noreferrer\"><br \/>\nhttps:\/\/www.google.fr\/maps\/baden<\/a><\/p>\n","protected":false},"excerpt":{"rendered":"<p>&#8220;13\u00e8me journ\u00e9e des artisans cr\u00e9ateurs bretons&#8221; Dimanche 9 avril 2017 \u00e0 Baden, salle Omnisports de 10h \u00e0 19h.<\/p>\n","protected":false},"author":3665,"featured_media":17576,"comment_status":"closed","ping_status":"open","sticky":false,"template":"","format":"standard","meta":{"_exactmetrics_skip_tracking":false,"_exactmetrics_sitenote_active":false,"_exactmetrics_sitenote_note":"","_exactmetrics_sitenote_category":0,"_vp_format_video_url":"","_vp_image_focal_point":[]},"categories":[7],"tags":[51,42,50,52,41],"aioseo_notices":[],"_links":{"self":[{"href":"https:\/\/www.magali-willems.com\/en\/wp-json\/wp\/v2\/posts\/17575"}],"collection":[{"href":"https:\/\/www.magali-willems.com\/en\/wp-json\/wp\/v2\/posts"}],"about":[{"href":"https:\/\/www.magali-willems.com\/en\/wp-json\/wp\/v2\/types\/post"}],"author":[{"embeddable":true,"href":"https:\/\/www.magali-willems.com\/en\/wp-json\/wp\/v2\/users\/3665"}],"replies":[{"embeddable":true,"href":"https:\/\/www.magali-willems.com\/en\/wp-json\/wp\/v2\/comments?post=17575"}],"version-history":[{"count":11,"href":"https:\/\/www.magali-willems.com\/en\/wp-json\/wp\/v2\/posts\/17575\/revisions"}],"predecessor-version":[{"id":22805,"href":"https:\/\/www.magali-willems.com\/en\/wp-json\/wp\/v2\/posts\/17575\/revisions\/22805"}],"wp:featuredmedia":[{"embeddable":true,"href":"https:\/\/www.magali-willems.com\/en\/wp-json\/wp\/v2\/media\/17576"}],"wp:attachment":[{"href":"https:\/\/www.magali-willems.com\/en\/wp-json\/wp\/v2\/media?parent=17575"}],"wp:term":[{"taxonomy":"category","embeddable":true,"href":"https:\/\/www.magali-willems.com\/en\/wp-json\/wp\/v2\/categories?post=17575"},{"taxonomy":"post_tag","embeddable":true,"href":"https:\/\/www.magali-willems.com\/en\/wp-json\/wp\/v2\/tags?post=17575"}],"curies":[{"name":"wp","href":"https:\/\/api.w.org\/{rel}","templated":true}]}}