{"id":17447,"date":"2017-01-10T17:17:14","date_gmt":"2017-01-10T16:17:14","guid":{"rendered":"http:\/\/www.magali-willems.com\/?p=17447"},"modified":"2019-04-11T21:14:15","modified_gmt":"2019-04-11T19:14:15","slug":"bronzes-en-couleurs-spaf-bretagne","status":"publish","type":"post","link":"https:\/\/www.magali-willems.com\/en\/bronzes-en-couleurs-spaf-bretagne\/","title":{"rendered":"Membre de la S.P.A.F."},"content":{"rendered":"<p>Membre de la Soci\u00e9t\u00e9 des Po\u00e8tes et Artistes de France (S.P.A.F.)<br \/>\nDipl\u00f4me d&#8217;Honneur avec F\u00e9licitations du Jury pour son travail <!--more-->&#8220;Bronzes en Couleurs&#8221; &#8211; 24 Septembre 2016<\/p>\n<p>\u00a9 wikip\u00e9dia<br \/>\n<a href=\"https:\/\/fr.wikipedia.org\/wiki\/Soci%C3%A9t%C3%A9_des_po%C3%A8tes_et_artistes_de_France\" target=\"_blank\" rel=\"noopener noreferrer\">https:\/\/fr.wikipedia.org\/wiki\/Soci\u00e9t\u00e9_des_po\u00e8tes_et_artistes_de_France<\/a><\/p>\n<p>\u00a9 spafnat.com<br \/>\n<a href=\"http:\/\/www.spafnat.com\/\" target=\"_blank\" rel=\"noopener noreferrer\">Site national de la S.P.A.F.<\/a><\/p>\n<p>\u00a9\u00a0spaf-bretagne.com<br \/>\n<a href=\"http:\/\/www.spaf-bretagne.com\/\" target=\"_blank\" rel=\"noopener noreferrer\">Site de la S.P.A.F. Bretagne<\/a><\/p>\n","protected":false},"excerpt":{"rendered":"<p>Membre de la Soci\u00e9t\u00e9 des Po\u00e8tes et Artistes de France (S.P.A.F.) Dipl\u00f4me d&#8217;Honneur avec F\u00e9licitations du Jury pour son travail<\/p>\n","protected":false},"author":3665,"featured_media":17448,"comment_status":"closed","ping_status":"open","sticky":false,"template":"","format":"standard","meta":{"_exactmetrics_skip_tracking":false,"_exactmetrics_sitenote_active":false,"_exactmetrics_sitenote_note":"","_exactmetrics_sitenote_category":0,"_vp_format_video_url":"","_vp_image_focal_point":[]},"categories":[7],"tags":[42,41,46,47],"aioseo_notices":[],"_links":{"self":[{"href":"https:\/\/www.magali-willems.com\/en\/wp-json\/wp\/v2\/posts\/17447"}],"collection":[{"href":"https:\/\/www.magali-willems.com\/en\/wp-json\/wp\/v2\/posts"}],"about":[{"href":"https:\/\/www.magali-willems.com\/en\/wp-json\/wp\/v2\/types\/post"}],"author":[{"embeddable":true,"href":"https:\/\/www.magali-willems.com\/en\/wp-json\/wp\/v2\/users\/3665"}],"replies":[{"embeddable":true,"href":"https:\/\/www.magali-willems.com\/en\/wp-json\/wp\/v2\/comments?post=17447"}],"version-history":[{"count":14,"href":"https:\/\/www.magali-willems.com\/en\/wp-json\/wp\/v2\/posts\/17447\/revisions"}],"predecessor-version":[{"id":19375,"href":"https:\/\/www.magali-willems.com\/en\/wp-json\/wp\/v2\/posts\/17447\/revisions\/19375"}],"wp:featuredmedia":[{"embeddable":true,"href":"https:\/\/www.magali-willems.com\/en\/wp-json\/wp\/v2\/media\/17448"}],"wp:attachment":[{"href":"https:\/\/www.magali-willems.com\/en\/wp-json\/wp\/v2\/media?parent=17447"}],"wp:term":[{"taxonomy":"category","embeddable":true,"href":"https:\/\/www.magali-willems.com\/en\/wp-json\/wp\/v2\/categories?post=17447"},{"taxonomy":"post_tag","embeddable":true,"href":"https:\/\/www.magali-willems.com\/en\/wp-json\/wp\/v2\/tags?post=17447"}],"curies":[{"name":"wp","href":"https:\/\/api.w.org\/{rel}","templated":true}]}}